{"id":470,"date":"2012-12-17T14:29:39","date_gmt":"2012-12-17T12:29:39","guid":{"rendered":"http:\/\/www.mmamm.net\/timpanosyluciernagas\/wordpress\/?p=470"},"modified":"2018-05-13T21:45:12","modified_gmt":"2018-05-13T19:45:12","slug":"el-concierto-privado-de-jeremy-jay","status":"publish","type":"post","link":"https:\/\/www.mmamm.net\/timpanosyluciernagas\/wordpress\/index.php\/el-concierto-privado-de-jeremy-jay\/","title":{"rendered":"El \u00abconcierto privado\u00bb de Jeremy Jay"},"content":{"rendered":"<p style=\"text-align: justify;\"><span style=\"color: #000000;\">\u201cPues para m\u00ed que era ingl\u00e9s\u201d, le dec\u00eda yo a un amigo con el que compart\u00ed el rato durante el concierto de Jeremy Jay en la murciana sala 12 y Medio. Ignorancia puntual del que escribe aparte, lo cierto es que el americano de Los \u00c1ngeles se pasa gran parte del concierto (y de su discograf\u00eda) saltando de lado a lado del Atl\u00e1ntico con soltura y naturalidad estil\u00edstica. Lo suyo es el pop de car\u00e1cter mel\u00f3dico con latigazos ocasionales de saturaci\u00f3n guitarrera. Lo lleva al directo, al menos en esta ocasion, con unos m\u00fasicos franceses muy solventes, que aportaron una contundente base r\u00edtmica (menci\u00f3n especial al bajista lesionado y a su \u201cdiscreto\u201d calcet\u00edn) y un colch\u00f3n de teclado omnipresente que a veces enriquec\u00eda y otras, para m\u00ed, no tanto. Se agradeci\u00f3 la empat\u00eda y el buen humor del artista, t\u00edmido pero dispuesto pese al escaso p\u00fablico que se enfrent\u00f3 a una fr\u00eda tarde de martes para acercarse a escuchar su propuesta. El sonido fue impecable y el repertorio, trufado de canciones nuevas (presentaba su reciente \u2018Abandoned apartments\u2019), bastante m\u00e1s atractivo y consistente que en su \u00faltimo paso por Murcia, hace ya algunos a\u00f1os. Con un \u201ccheers\u201d entonado mientras levantaba su cerveza, tras un bis generoso solicitado por los que all\u00ed est\u00e1bamos, Jeremy se despidi\u00f3 dejando buen sabor de boca. Una l\u00e1stima que hubieran tan pocas bocas para saborear, es complicado llenar en Murcia y menos un martes. Tomemos nota y hagamos lo que podamos para que los promotores locales de m\u00fasica en directo no se desanimen.<\/span><\/p>\n<p><center><object width=\"560\" height=\"420\" classid=\"clsid:d27cdb6e-ae6d-11cf-96b8-444553540000\" codebase=\"http:\/\/download.macromedia.com\/pub\/shockwave\/cabs\/flash\/swflash.cab#version=6,0,40,0\"><param name=\"flashvars\" value=\"offsite=true&amp;lang=es-us&amp;page_show_url=%2Fphotos%2F89414400%40N04%2Fsets%2F72157632264148937%2Fshow%2F&amp;page_show_back_url=%2Fphotos%2F89414400%40N04%2Fsets%2F72157632264148937%2F&amp;set_id=72157632264148937&amp;jump_to=\" \/><param name=\"allowFullScreen\" value=\"true\" \/><param name=\"src\" value=\"http:\/\/www.flickr.com\/apps\/slideshow\/show.swf?v=122138\" \/><param name=\"allowfullscreen\" value=\"true\" \/><embed width=\"560\" height=\"420\" type=\"application\/x-shockwave-flash\" src=\"http:\/\/www.flickr.com\/apps\/slideshow\/show.swf?v=122138\" flashvars=\"offsite=true&amp;lang=es-us&amp;page_show_url=%2Fphotos%2F89414400%40N04%2Fsets%2F72157632264148937%2Fshow%2F&amp;page_show_back_url=%2Fphotos%2F89414400%40N04%2Fsets%2F72157632264148937%2F&amp;set_id=72157632264148937&amp;jump_to=\" allowFullScreen=\"true\" allowfullscreen=\"true\" \/><\/object><center><\/center><\/center><\/p>\n","protected":false},"excerpt":{"rendered":"<p>\u201cPues para m\u00ed que era ingl\u00e9s\u201d, le dec\u00eda yo a un amigo con el que compart\u00ed el rato durante el concierto de Jeremy Jay en la murciana sala 12 y Medio. Ignorancia puntual del que escribe aparte, lo cierto es que el americano de Los \u00c1ngeles se pasa gran parte del concierto (y de su [&hellip;]<\/p>\n","protected":false},"author":3,"featured_media":0,"comment_status":"open","ping_status":"open","sticky":false,"template":"","format":"standard","meta":[],"categories":[2125],"tags":[56,149],"_links":{"self":[{"href":"https:\/\/www.mmamm.net\/timpanosyluciernagas\/wordpress\/index.php\/wp-json\/wp\/v2\/posts\/470"}],"collection":[{"href":"https:\/\/www.mmamm.net\/timpanosyluciernagas\/wordpress\/index.php\/wp-json\/wp\/v2\/posts"}],"about":[{"href":"https:\/\/www.mmamm.net\/timpanosyluciernagas\/wordpress\/index.php\/wp-json\/wp\/v2\/types\/post"}],"author":[{"embeddable":true,"href":"https:\/\/www.mmamm.net\/timpanosyluciernagas\/wordpress\/index.php\/wp-json\/wp\/v2\/users\/3"}],"replies":[{"embeddable":true,"href":"https:\/\/www.mmamm.net\/timpanosyluciernagas\/wordpress\/index.php\/wp-json\/wp\/v2\/comments?post=470"}],"version-history":[{"count":0,"href":"https:\/\/www.mmamm.net\/timpanosyluciernagas\/wordpress\/index.php\/wp-json\/wp\/v2\/posts\/470\/revisions"}],"wp:attachment":[{"href":"https:\/\/www.mmamm.net\/timpanosyluciernagas\/wordpress\/index.php\/wp-json\/wp\/v2\/media?parent=470"}],"wp:term":[{"taxonomy":"category","embeddable":true,"href":"https:\/\/www.mmamm.net\/timpanosyluciernagas\/wordpress\/index.php\/wp-json\/wp\/v2\/categories?post=470"},{"taxonomy":"post_tag","embeddable":true,"href":"https:\/\/www.mmamm.net\/timpanosyluciernagas\/wordpress\/index.php\/wp-json\/wp\/v2\/tags?post=470"}],"curies":[{"name":"wp","href":"https:\/\/api.w.org\/{rel}","templated":true}]}}