{"id":3258,"date":"2024-10-15T17:08:44","date_gmt":"2024-10-15T15:08:44","guid":{"rendered":"https:\/\/www.mmamm.net\/timpanosyluciernagas\/wordpress\/?p=3258"},"modified":"2024-10-15T17:08:46","modified_gmt":"2024-10-15T15:08:46","slug":"barrio-dinamita-nos-sentimos-atraidos-por-sucesos-historicos-con-una-carga-politica-y-social-de-tal-impacto-que-dejan-huella-en-la-sociedad","status":"publish","type":"post","link":"https:\/\/www.mmamm.net\/timpanosyluciernagas\/wordpress\/index.php\/barrio-dinamita-nos-sentimos-atraidos-por-sucesos-historicos-con-una-carga-politica-y-social-de-tal-impacto-que-dejan-huella-en-la-sociedad\/","title":{"rendered":"Barrio Dinamita: \u00abNos sentimos atra\u00eddos por sucesos hist\u00f3ricos con una carga pol\u00edtica y social de tal impacto que dejan huella en la sociedad\u00bb"},"content":{"rendered":"<p style=\"text-align: justify;\"><span style=\"color: #000000;\">Me suelo encontrar a menudo a Roberto, Abraham o Pablo de Barrio Dinamita en conciertos. No solo los suyos, son de ese tipo de m\u00fasicos que no abundan a los que te encuentras habitualmente en las salas aunque no toquen ellos o alguna banda amiga. Todas estas cosas de las que a continuaci\u00f3n charlamos se las podr\u00eda haber preguntado en persona, pero por qu\u00e9 hacerlo en privado pudi\u00e9ndoles hacer una entrevista&#8230;<\/span><\/p>\n<p style=\"text-align: center;\"><img decoding=\"async\" loading=\"lazy\" class=\"aligncenter wp-image-3259 size-full\" src=\"https:\/\/www.mmamm.net\/timpanosyluciernagas\/wordpress\/wp-content\/uploads\/2024\/10\/Barrio-Dinamita-2023-HD-2-scaled-e1729004682961.jpg\" alt=\"\" width=\"600\" height=\"400\" \/><\/p>\n<p style=\"text-align: justify;\"><span style=\"color: #000000;\"><strong>A pesar de que la formaci\u00f3n de la banda lleg\u00f3 en \u00e9poca de pandemia, o quiz\u00e1s debido a ello, en apenas un par de a\u00f1os publicasteis dos EP, \u2018Barrio Dinamita\u2019 (2021) y \u2018Dejarse vencer\u2019 (2022). La continuaci\u00f3n se est\u00e1 haciendo esperar algo m\u00e1s de lo que nos acostumbrasteis en estos inicios, pero tengo entendido que ya hab\u00e9is empezado a ponerle remedio. \u00bfQu\u00e9 nos pod\u00e9is contar sobre lo pr\u00f3ximo de Barrio Dinamita?<\/strong><\/span><br \/>\n<span style=\"color: #000000;\">Arrancada de caballo y parada de burro, \u00bfno? La verdad es que lo siguiente se est\u00e1 retrasando mucho m\u00e1s de lo que hab\u00edamos pensado tras &#8216;Dejarse vencer&#8217;, pero diferentes circunstancias personales en algunos de nosotros han impedido la continuidad necesaria y el curso natural de composici\u00f3n, ensayos, grabaci\u00f3n&#8230; Ahora estamos mentalizados para darle el empuj\u00f3n final y la idea en la que estamos es un LP que recoja un poco la esencia de los dos EP anteriores en un marco un poco m\u00e1s l\u00facido y madurado.<\/span><\/p>\n<p style=\"text-align: justify;\"><span style=\"color: #000000;\"><strong>Lo que no hemos podido disfrutar a\u00fan es una edici\u00f3n f\u00edsica de vuestros trabajos, \u00bfa la tercera\u2026?<\/strong><\/span><br \/>\n<span style=\"color: #000000;\">S\u00ed, de esta ya no nos escapamos. Habr\u00e1 formato f\u00edsico, camiseta y todo el pack completo. Nos cueste lo que no cueste. (Jaja)<\/span><\/p>\n<p style=\"text-align: justify;\"><span style=\"color: #000000;\"><strong>Habl\u00e1is de amistad, pasi\u00f3n por la m\u00fasica y una puesta en com\u00fan de inquietudes y experiencias vitales como punto de partida para la formaci\u00f3n de la banda, lugares comunes en estos casos. \u00bfPero c\u00f3mo se traduce eso a la oscuridad y el desasosiego de vuestras canciones?<\/strong><\/span><br \/>\n<span style=\"color: #000000;\"><strong>[Roberto]<\/strong> Una cosa es la puesta en com\u00fan de nuestras inquietudes en el local y otra bien distinta las movidas que pasan por mi cabeza cuando estoy en casa solo con un papel y un boli. Supongo que la melancol\u00eda y la desesperanza son t\u00f3nica habitual en la m\u00fasica y el cine que he consumido siempre, donde me he refugiado y regocijado con asiduidad. Quiz\u00e1s por eso me siento m\u00e1s c\u00f3modo e identificado escribiendo en estos m\u00e1rgenes.<\/span><\/p>\n<p style=\"text-align: justify;\"><span style=\"color: #000000;\"><strong>Tom\u00e1is el nombre de la banda y de una de las canciones del primer EP a partir de una tr\u00e1gica historia ocurrida en Birmingham, Alabama, en los a\u00f1os 60. \u00bfQu\u00e9 os impulsa de estos sucesos para elegir esta historia como referencia?<\/strong><\/span><br \/>\n<span style=\"color: #000000;\">Nos sentimos atra\u00eddos por esta clase de sucesos hist\u00f3ricos con una carga pol\u00edtica y social de tal impacto que dejan huella en la sociedad y los territorios donde transcurren, siendo a d\u00eda de hoy motivo de lucha y reivindicaci\u00f3n. En este caso, Jandro trajo esta historia a un ensayo, en ese momento no ten\u00edamos nombre y lo hicimos nuestro enseguida. Ten\u00eda todo lo que en ese momento quer\u00edamos que nos representara como banda.<\/span><\/p>\n<p style=\"text-align: justify;\"><span style=\"color: #000000;\"><strong>Sois de la Vega Baja, al menos una buena parte de la banda, y grabasteis el \u00faltimo EP en el estudio El Miradoor de Alhama de Murcia. Si hay algo por lo que es verdadera devoci\u00f3n lo que hay en este pueblo, es por la Vega Baja y por el maikelismo. \u00bfQu\u00e9 tal la experiencia de grabar con Marco Velasco en este entorno tan particular y c\u00f3mo cre\u00e9is que os marc\u00f3 a nivel creativo?<\/strong><\/span><br \/>\n<span style=\"color: #000000;\">No conoc\u00edamos a Marco personalmente antes de grabar, pero siempre nos hablaban maravillas de su estudio y el trato con las bandas por su cercan\u00eda, su sencillez y la colaboraci\u00f3n e implicaci\u00f3n a nivel de producci\u00f3n en las canciones. En ese momento es justo lo que necesit\u00e1bamos, y as\u00ed fue. Lo que no esper\u00e1bamos era encontrar una finca en la que disfrutar de unos desayunos con vistas al valle de Guadalent\u00edn, una piscina donde pegarte unos largos o una barbacoa nocturna con ac\u00fasticos a la luz de la luna. Eso convirti\u00f3 la experiencia en algo m\u00e1s que un fin de semana de grabaci\u00f3n. Marco y Paula, son geniales, volveremos.<\/span><\/p>\n<p style=\"text-align: justify;\"><span style=\"color: #000000;\"><strong>Un evento que se ha convertido en algo importante en vuestra trayectoria es el T\u00fa marcas el ritmo fest, un peque\u00f1o festival dedicado a honrar la memoria de Davisico, el que fuera vuestro bater\u00eda. Me parece una forma cercana y admirable de homenajearlo y de sobrellevar el mazazo que para vosotros como banda y como individuos supuso su p\u00e9rdida. \u00bfTen\u00e9is ya planeada su tercera edici\u00f3n?<\/strong><\/span><br \/>\n<span style=\"color: #000000;\">Gracias, Alfonso. Que un evento que montamos desde el coraz\u00f3n unos meses despu\u00e9s de su p\u00e9rdida, con la \u00fanica intenci\u00f3n de generar un espacio donde reunir a los amigxs para recordarle con la m\u00fasica como hilo conductor, se haya convertido por orden natural en un mini festival con cierta relevancia en la Vega Baja es algo que no nos pod\u00edamos ni imaginar en un principio. La pe\u00f1a nos pregunta y las bandas cercanas se ofrecen a tocar a cambio de nada, solo estar y apoyar. Es un lujo contar con el apoyo de bandas amigas que les hace ilusi\u00f3n tocar en un ambiente as\u00ed para seguir recordando cada a\u00f1o a Davisico. Paralelamente, creemos que hac\u00eda falta algo as\u00ed tambi\u00e9n en la Vega Baja, un espacio en el coraz\u00f3n de la huerta donde dar voz a las bandas de la zona y donde se pueda disfrutar del directo de otras bandas de la escena, creemos que eso tambi\u00e9n es bastante llamativo y atrayente, aunque para nada fuese nuestra intenci\u00f3n inicial. La tercera edici\u00f3n no est\u00e1 planificada todav\u00eda, pero el Biergarten de Vega Baja Radio est\u00e1 ah\u00ed y se nos quedaron varias bandas fuera del cartel el a\u00f1o pasado, as\u00ed que les daremos un toque a estas y algunas m\u00e1s y lo pondremos en marcha.<\/span><\/p>\n<p style=\"text-align: justify;\"><span style=\"color: #000000;\"><strong>Form\u00e1is parte (o lo hab\u00e9is hecho en un pasado no muy lejano) de otras bandas como Decadencia, Nueva Generaci\u00f3n o Volga. En la actualidad, \u00bfcon qu\u00e9 bandas compagin\u00e1is la actividad con Barrio Dinamita? Hace ya un tiempo escuch\u00e9 campanas sobre una nueva banda, a medio camino entre Murcia y la Vega Baja, con alguno de vosotros en la formaci\u00f3n\u2026<\/strong><\/span><br \/>\n<span style=\"color: #000000;\">Actualmente hay dos proyectos paralelos con integrantes de Barrio Dinamita, pero por ahora solo son eso, proyectos. Demasiado pronto para hablar de ellos&#8230;<\/span><\/p>\n<p style=\"text-align: justify;\"><span style=\"color: #000000;\"><strong>Nuestro amigo Adri\u00e1n Mart\u00ednez de Movidas Ardillas suele preguntar en Reels de Instagram a m\u00fasicos de su entorno por sus 5 discos favoritos de todos los tiempos. Siendo \u00e9l de Guardamar del Segura y teniendo en cuenta lo que he comentado en la quinta pregunta sobre vuestra comarca, siempre me pregunto que por qu\u00e9 no hace lo mismo, pero con los pueblos favoritos de la Vega Baja. As\u00ed que os lo pregunto yo a vosotros. A m\u00ed me costar\u00eda elegir, pero ser\u00edan Rafal, Catral, Bigastro y dos m\u00e1s\u2026<\/strong><\/span><br \/>\n<span style=\"color: #000000;\">Las Heredades y cuatro m\u00e1s. (Jajaja)<\/span><\/p>\n<p style=\"text-align: justify;\"><span style=\"color: #000000;\"><strong>Esta pregunta es fija en mis entrevistas: \u00bfCon qu\u00e9 bandas en activo actualmente os sent\u00eds hermanados?<\/strong><\/span><br \/>\n<span style=\"color: #000000;\">No sabemos si hermanados, pero si echas un vistazo a los carteles del T\u00fa Marcas El Ritmo Fest, lo forman siempre bandas con las que tenemos m\u00e1s afinidad por amistades o con las que nos podemos sentir m\u00e1s identificados por un tema puramente geogr\u00e1fico. Aunque luego haya bandas de fuera con las que hemos generado una buena relaci\u00f3n cuando hemos salido a tocar.<\/span><\/p>\n<p style=\"text-align: justify;\"><span style=\"color: #000000;\"><strong>Y por \u00faltimo, pero no menos importante, \u00bfqu\u00e9 persona de la organizaci\u00f3n del festival Satarra ser\u00eda vuestra favorita? Yo aqu\u00ed no me mojo\u2026<\/strong><\/span><br \/>\n<span style=\"color: #000000;\">El Robot casi-persona de \u00c1ngel.<\/span><\/p>\n","protected":false},"excerpt":{"rendered":"<p>Me suelo encontrar a menudo a Roberto, Abraham o Pablo de Barrio Dinamita en conciertos. No solo los suyos, son de ese tipo de m\u00fasicos que no abundan a los que te encuentras habitualmente en las salas aunque no toquen ellos o alguna banda amiga. Todas estas cosas de las que a continuaci\u00f3n charlamos se [&hellip;]<\/p>\n","protected":false},"author":2,"featured_media":0,"comment_status":"open","ping_status":"open","sticky":false,"template":"","format":"standard","meta":[],"categories":[876],"tags":[2321],"_links":{"self":[{"href":"https:\/\/www.mmamm.net\/timpanosyluciernagas\/wordpress\/index.php\/wp-json\/wp\/v2\/posts\/3258"}],"collection":[{"href":"https:\/\/www.mmamm.net\/timpanosyluciernagas\/wordpress\/index.php\/wp-json\/wp\/v2\/posts"}],"about":[{"href":"https:\/\/www.mmamm.net\/timpanosyluciernagas\/wordpress\/index.php\/wp-json\/wp\/v2\/types\/post"}],"author":[{"embeddable":true,"href":"https:\/\/www.mmamm.net\/timpanosyluciernagas\/wordpress\/index.php\/wp-json\/wp\/v2\/users\/2"}],"replies":[{"embeddable":true,"href":"https:\/\/www.mmamm.net\/timpanosyluciernagas\/wordpress\/index.php\/wp-json\/wp\/v2\/comments?post=3258"}],"version-history":[{"count":2,"href":"https:\/\/www.mmamm.net\/timpanosyluciernagas\/wordpress\/index.php\/wp-json\/wp\/v2\/posts\/3258\/revisions"}],"predecessor-version":[{"id":3261,"href":"https:\/\/www.mmamm.net\/timpanosyluciernagas\/wordpress\/index.php\/wp-json\/wp\/v2\/posts\/3258\/revisions\/3261"}],"wp:attachment":[{"href":"https:\/\/www.mmamm.net\/timpanosyluciernagas\/wordpress\/index.php\/wp-json\/wp\/v2\/media?parent=3258"}],"wp:term":[{"taxonomy":"category","embeddable":true,"href":"https:\/\/www.mmamm.net\/timpanosyluciernagas\/wordpress\/index.php\/wp-json\/wp\/v2\/categories?post=3258"},{"taxonomy":"post_tag","embeddable":true,"href":"https:\/\/www.mmamm.net\/timpanosyluciernagas\/wordpress\/index.php\/wp-json\/wp\/v2\/tags?post=3258"}],"curies":[{"name":"wp","href":"https:\/\/api.w.org\/{rel}","templated":true}]}}