{"id":313,"date":"2012-11-01T20:02:17","date_gmt":"2012-11-01T18:02:17","guid":{"rendered":"http:\/\/www.mmamm.net\/timpanosyluciernagas\/wordpress\/?p=313"},"modified":"2016-08-17T09:56:03","modified_gmt":"2016-08-17T07:56:03","slug":"tl5-conexiones-tradiciones-cantos-difonicos-pumba-pumba-cha-cha-cha","status":"publish","type":"post","link":"https:\/\/www.mmamm.net\/timpanosyluciernagas\/wordpress\/index.php\/tl5-conexiones-tradiciones-cantos-difonicos-pumba-pumba-cha-cha-cha\/","title":{"rendered":"T&#038;L5 &#8211; &#8216;Conexiones, tradiciones, cantos dif\u00f3nicos, pumba pumba cha cha cha&#8217;"},"content":{"rendered":"<p style=\"text-align: center;\">\n<p style=\"text-align: center;\"><a href=\"https:\/\/www.mmamm.net\/timpanosyluciernagas\/wordpress\/wp-content\/uploads\/2012\/11\/Loom-logo4.jpg\"><img decoding=\"async\" loading=\"lazy\" class=\"aligncenter  wp-image-322\" title=\"Loom logo\" src=\"https:\/\/www.mmamm.net\/timpanosyluciernagas\/wordpress\/wp-content\/uploads\/2012\/11\/Loom-logo4.jpg\" alt=\"\" width=\"481\" height=\"300\" srcset=\"https:\/\/www.mmamm.net\/timpanosyluciernagas\/wordpress\/wp-content\/uploads\/2012\/11\/Loom-logo4.jpg 601w, https:\/\/www.mmamm.net\/timpanosyluciernagas\/wordpress\/wp-content\/uploads\/2012\/11\/Loom-logo4-300x187.jpg 300w\" sizes=\"(max-width: 481px) 100vw, 481px\" \/><\/a><\/p>\n<p><center><iframe loading=\"lazy\" width=\"100%\" height=\"105\" frameborder=\"0\" allowfullscreen=\"\" scrolling=\"no\" src=\"http:\/\/www.ivoox.com\/player_ej_12570546_2_1.html?data=kpeimZWZeJehhpywj5WUaZS1kZWah5yncZGhhpywj5WRaZi3jpWah5yncbWZk5u5l5CJiZOZmZWSm5iPaaamhp2dh56ch9Dixt3W0dPJt4ampJDh1MbIrcTd0NPS1YqWh4zXwtPh0diPqMrahqigh6eXssrX0NiSlKiRaZi3jrmSpZiJhaXh0cbb0diPvYzA1sjWh6iXaaKt09POycbXcYarpJKd&#038;\"><\/iframe><\/center><br \/>\n<center><iframe loading=\"lazy\" width=\"100%\" height=\"105\" frameborder=\"0\" allowfullscreen=\"\" scrolling=\"no\" src=\"http:\/\/www.ivoox.com\/player_ej_12570555_2_1.html?data=kpeimZWZeZahhpywj5WUaZS1kZWah5yncZGhhpywj5WRaZi3jpWah5yncbWZk5u5l5CJiZOZmZWSm5iPaaamhp2dh56ch9Dixt3W0dPJt4ampJDh1MbIrcTd0NPS1YqWh4zXwtPh0diPqMrahqigh6eXssrX0NiSlKiRaZi3jrmSpZiJhaXh0cbb0diPvYzA1sjWh6iXaaKt09POycbXcYarpJKd&#038;\"><\/iframe><\/center><\/p>\n<p style=\"text-align: justify;\"><span style=\"color: #000000;\">\u00abLoom. Viaje a trav\u00e9s de la voz\u00bb es un espect\u00e1culo dirigido por Enrique Mart\u00ednez con la voz y el elemento arm\u00f3nico como g\u00e9nesis. En este viaje sonoro lo acompa\u00f1an Jos\u00e9 Perell\u00f3, David Moretti, Esther Eu y Jes\u00fas Fictoria, componentes de bandas como Bosco o Fictoria. Este espect\u00e1culo es el resultado de una investigaci\u00f3n profunda sobre la \u00abvoz en acci\u00f3n\u00bb o \u00abvoz corp\u00f3rea\u00bb, concebido tras un periodo de investigaci\u00f3n en el Centro P\u00e1rraga de Murcia. Mediante la improvisaci\u00f3n y el canto dif\u00f3nico se realiza un recorrido por los sonidos m\u00e1s ancestrales, sumergiendo al espectador en un estado de meditaci\u00f3n colectiva. El viernes 2 de noviembre vuelven a presentarlo en Murcia, en el centro Cultural El Quir\u00f3fano de La Arboleja.<\/span><\/p>\n<p><!--more--><\/p>\n<p style=\"text-align: center;\"><a href=\"https:\/\/www.mmamm.net\/timpanosyluciernagas\/wordpress\/wp-content\/uploads\/2012\/11\/Loom-live1.jpg\"><img decoding=\"async\" loading=\"lazy\" class=\"aligncenter  wp-image-325\" title=\"Loom live\" src=\"https:\/\/www.mmamm.net\/timpanosyluciernagas\/wordpress\/wp-content\/uploads\/2012\/11\/Loom-live1.jpg\" alt=\"\" width=\"553\" height=\"165\" srcset=\"https:\/\/www.mmamm.net\/timpanosyluciernagas\/wordpress\/wp-content\/uploads\/2012\/11\/Loom-live1.jpg 960w, https:\/\/www.mmamm.net\/timpanosyluciernagas\/wordpress\/wp-content\/uploads\/2012\/11\/Loom-live1-300x89.jpg 300w\" sizes=\"(max-width: 553px) 100vw, 553px\" \/><\/a><\/p>\n<p style=\"text-align: justify;\"><span style=\"color: #000000;\">Sobre Loom, la voz corp\u00f3rea, Bosco, Ibiza y otros muchos asuntos estuvimos charlando con Enrique, David y Jos\u00e9 en una noche tan especial como la v\u00edspera de todos los santos. Aprovechamos la ocasi\u00f3n para recomendar tambi\u00e9n unas cuantas canciones relacionadas con la muerte, los cementerios y, con especial hincapi\u00e9 en nuestro pa\u00eds, los mitos, costumbres y rituales que surgen a su alrededor.<\/span><\/p>\n<p style=\"text-align: justify;\"><span style=\"color: #000000;\">Aunque, si hay una costumbre arraigada en Espa\u00f1a es que, cada vez que un d\u00eda festivo cae en mitad de la semana, como ocurre este a\u00f1o, toca hacer puente y alargar el fin de semana. Y un fin de semana m\u00e1s largo se traduce irremediablemente en m\u00e1s eventos recomendables. Hicimos unas cuantas sugerencias para la misma noche de difuntos y para el resto del fin de semana, aparte de la cita ineludible con Loom: los conciertos en la sala 12&amp;medio de The Wellingtons (esta noche) y Toundra (s\u00e1bado 3 de noviembre) y cortes\u00eda de Toni Crespillo, las pinchadas de Ren\u00e9 \u00abEl de toda la vida\u00bb en La General (2 de noviembre) y de la Mod Sound Delegation Lorca en Tr\u00e9molo (3 de noviembre). Por cierto, pod\u00e9is leer una entrevista a Toundra en <a href=\"http:\/\/www.mmamm.net\/index.php\/2012\/10\/31\/toundra-12medio-murcia-entrevista\/\" target=\"blank\">CRLM Office<\/a>.<\/span><\/p>\n<p style=\"text-align: justify;\"><strong><span style=\"color: #000000;\">PLAYLIST<\/span><\/strong><br \/>\n<span style=\"color: #000000;\">1. Loco Mia \u00abLoco Mia\u00bb (fragmento)<br \/>\n2. Ana Curra presenta El Acto \u00abQuiero ser santa (directo)\u00bb (fragmento)<br \/>\n3. Par\u00e1lisis Permanente \u00abJugando a las cartas\u00bb<br \/>\n4. P\u00e1jaro \u00abIone\u00bb<br \/>\n5. Golpe Bajos \u00abA Santa Compa\u00f1a\u00bb<br \/>\n6. Los Auroros (fragmento)<br \/>\n7. Dr. John \u00abMarie Laveau\u00bb (fragmento)<br \/>\n8. El mat\u00f3 a un polic\u00eda motorizado \u00abLa celebraci\u00f3n del fuego\u00bb<br \/>\n9. Kante Pinr\u00e9lico \u00abPor los siglos de los siglos\u00bb<br \/>\n10. Toni Crespillo por el mundo: Grupo Santa Fe \u00abEsqueleto\u00bb<br \/>\n11. Loom (improvisaci\u00f3n en directo)<br \/>\n12. Loom \u00abFuego\u00bb (fragmento)<br \/>\n13. Los Auroros \u00abSalve de difuntos\u00bb (fragmento)<br \/>\n14. Bosco \u00abBless me\u00bb<br \/>\n15. Loco Mia \u00abTe lo voy a dar (Pumba Pumba Cha Cha Cha)\u00bb (fragmento)<br \/>\n16. Bosco \u00abPipper (directo)\u00bb<br \/>\n17. Bosco \u00abNew Pyre\u00bb<br \/>\n18. Loom (improvisaci\u00f3n en directo)<br \/>\n19. Me llamaban Coyote: Thomas Newman \u00abSix Feet Under\u00bb<br \/>\n20. Me llamaban Coyote: The Arcade Fire \u00abCold Wind\u00bb<br \/>\n21. Pantufla y bat\u00edn: Sid Vicious \u00abMy Way\u00bb<br \/>\n22. The Wellingtons \u00abHey Now Girl\u00bb (fragmento)<br \/>\n23. Toundra \u00abCielo negro (Black Sky)\u00bb<\/span><\/p>\n<p style=\"text-align: justify;\"><span style=\"color: #000000;\">S\u00ed, has le\u00eddo bien: Loco Mia. Porque en este programa si se menciona Ibiza suena Loco Mia:<\/span><\/p>\n<p><center><iframe loading=\"lazy\" src=\"http:\/\/www.youtube.com\/embed\/FKjZCsxTPrY\" frameborder=\"0\" width=\"560\" height=\"420\"><\/iframe><\/center><\/p>\n<p style=\"text-align: justify;\"><span style=\"color: #000000;\">P.d. Est\u00e1s son nuestras sinton\u00edas, por ahora:<br \/>\n&#8211; <strong>Inicio del programa:<\/strong> Hello Cuca \u201cLa hora del grillo\u201d<br \/>\n&#8211; <strong>Sumario:<\/strong> The Budos Band \u201cBlack Venom\u201d<br \/>\n&#8211; <strong>Me llamaban Coyote:<\/strong> Miles Davis \u201cGen\u00e9rique\u201d<br \/>\n&#8211; <strong>Toni Crespillo por el mundo:<\/strong> Baris Man\u00e7o \u201cHal hal\u201d<br \/>\n&#8211;<strong> Pantufla y bat\u00edn:<\/strong> Milton Delugg &amp; The Vampires \u201cDon\u2019t Just Stand There\u201d<br \/>\n&#8211; <strong>La carta de Lisardo:<\/strong> Django Reinhardt \u201cMinor Swing\u201d (esta semana no son\u00f3, porque s\u00f3lo nos dejo una nota pidiendo una canci\u00f3n)<\/span><\/p>\n","protected":false},"excerpt":{"rendered":"<p>\u00abLoom. Viaje a trav\u00e9s de la voz\u00bb es un espect\u00e1culo dirigido por Enrique Mart\u00ednez con la voz y el elemento arm\u00f3nico como g\u00e9nesis. En este viaje sonoro lo acompa\u00f1an Jos\u00e9 Perell\u00f3, David Moretti, Esther Eu y Jes\u00fas Fictoria, componentes de bandas como Bosco o Fictoria. Este espect\u00e1culo es el resultado de una investigaci\u00f3n profunda sobre [&hellip;]<\/p>\n","protected":false},"author":2,"featured_media":0,"comment_status":"open","ping_status":"open","sticky":false,"template":"","format":"standard","meta":[],"categories":[5],"tags":[66,69,65,67,64,68],"_links":{"self":[{"href":"https:\/\/www.mmamm.net\/timpanosyluciernagas\/wordpress\/index.php\/wp-json\/wp\/v2\/posts\/313"}],"collection":[{"href":"https:\/\/www.mmamm.net\/timpanosyluciernagas\/wordpress\/index.php\/wp-json\/wp\/v2\/posts"}],"about":[{"href":"https:\/\/www.mmamm.net\/timpanosyluciernagas\/wordpress\/index.php\/wp-json\/wp\/v2\/types\/post"}],"author":[{"embeddable":true,"href":"https:\/\/www.mmamm.net\/timpanosyluciernagas\/wordpress\/index.php\/wp-json\/wp\/v2\/users\/2"}],"replies":[{"embeddable":true,"href":"https:\/\/www.mmamm.net\/timpanosyluciernagas\/wordpress\/index.php\/wp-json\/wp\/v2\/comments?post=313"}],"version-history":[{"count":0,"href":"https:\/\/www.mmamm.net\/timpanosyluciernagas\/wordpress\/index.php\/wp-json\/wp\/v2\/posts\/313\/revisions"}],"wp:attachment":[{"href":"https:\/\/www.mmamm.net\/timpanosyluciernagas\/wordpress\/index.php\/wp-json\/wp\/v2\/media?parent=313"}],"wp:term":[{"taxonomy":"category","embeddable":true,"href":"https:\/\/www.mmamm.net\/timpanosyluciernagas\/wordpress\/index.php\/wp-json\/wp\/v2\/categories?post=313"},{"taxonomy":"post_tag","embeddable":true,"href":"https:\/\/www.mmamm.net\/timpanosyluciernagas\/wordpress\/index.php\/wp-json\/wp\/v2\/tags?post=313"}],"curies":[{"name":"wp","href":"https:\/\/api.w.org\/{rel}","templated":true}]}}