{"id":2898,"date":"2022-04-07T22:25:01","date_gmt":"2022-04-07T20:25:01","guid":{"rendered":"http:\/\/www.mmamm.net\/timpanosyluciernagas\/wordpress\/?p=2898"},"modified":"2022-04-07T22:25:01","modified_gmt":"2022-04-07T20:25:01","slug":"hogar-ya-no-distinguimos-entre-nuestros-intereses-y-nuestras-necesidades","status":"publish","type":"post","link":"https:\/\/www.mmamm.net\/timpanosyluciernagas\/wordpress\/index.php\/hogar-ya-no-distinguimos-entre-nuestros-intereses-y-nuestras-necesidades\/","title":{"rendered":"Hogar: \u00abYa no distinguimos entre nuestros intereses y nuestras necesidades\u00bb"},"content":{"rendered":"<p style=\"text-align: justify;\"><span style=\"color: #000000;\">Chimo (guitarra y voz), Javato (bajo y voz) y Oliver (bater\u00eda y voz) son Hogar, un tr\u00edo valenciano que factura el mejor punk que te puedes encontrar en la actualidad por estos lares. Elocuente e inconformista, Chimo atiende nuestras preguntas.<\/span><\/p>\n<p style=\"text-align: center;\"><a href=\"https:\/\/www.mmamm.net\/timpanosyluciernagas\/wordpress\/wp-content\/uploads\/2022\/04\/0019911633_101.jpg\"><img decoding=\"async\" loading=\"lazy\" class=\"aligncenter size-full wp-image-2899\" title=\"0019911633_10[1]\" src=\"https:\/\/www.mmamm.net\/timpanosyluciernagas\/wordpress\/wp-content\/uploads\/2022\/04\/0019911633_101.jpg\" alt=\"\" width=\"500\" height=\"333\" srcset=\"https:\/\/www.mmamm.net\/timpanosyluciernagas\/wordpress\/wp-content\/uploads\/2022\/04\/0019911633_101.jpg 1200w, https:\/\/www.mmamm.net\/timpanosyluciernagas\/wordpress\/wp-content\/uploads\/2022\/04\/0019911633_101-300x200.jpg 300w, https:\/\/www.mmamm.net\/timpanosyluciernagas\/wordpress\/wp-content\/uploads\/2022\/04\/0019911633_101-1024x682.jpg 1024w\" sizes=\"(max-width: 500px) 100vw, 500px\" \/><\/a><\/p>\n<p style=\"text-align: justify;\"><span style=\"color: #000000;\"><strong>Casi dos a\u00f1os despu\u00e9s de grabarse, pandemia mediante, se puede escuchar vuestro primer disco (publicado por Mata La M\u00fasica y Flexidiscos). Para la edici\u00f3n f\u00edsica en vinilo a\u00fan faltan algunas semanas, el pre-order est\u00e1 abierto. \u00bfC\u00f3mo ha sido lo de tener vuestras canciones grabadas tanto tiempo y no poder mostrarlas?<\/strong><\/span><br \/>\n<span style=\"color: #000000;\"> Hogar se forma de manera muy natural y r\u00e1pida, tres colegas que ten\u00edamos que acabar s\u00ed o s\u00ed tocando juntos. Sacamos los temas bastante r\u00e1pido, sin letras, y decidimos grabarlos. Con la mala suerte de que los cabezales de la grabadora estaban da\u00f1ados y la grabaci\u00f3n queda con una ondulaci\u00f3n rara que conforme avanza la cinta se va haciendo m\u00e1s notoria.<\/span><br \/>\n<span style=\"color: #000000;\"> De repente nos mandan a casa. Todo mal.<\/span><br \/>\n<span style=\"color: #000000;\"> Bajo el poder de la soledad y los pensamientos m\u00e1s lim\u00edtrofes nacen las letras de Hogar. Ya se va complicando el proyecto y al salir de la cuarentena volvemos a grabar.<\/span><br \/>\n<span style=\"color: #000000;\"> Por un lado la impotencia de no poder tocar y sacar de la casa todo eso que lleva uno dentro va apalancando cada vez m\u00e1s el proyecto y haci\u00e9ndolo m\u00e1s distante\u2026 hasta el punto de sufrir disociaci\u00f3n, querer cambiar las letras y cosas de esas. Desmotivaci\u00f3n total.<\/span><br \/>\n<span style=\"color: #000000;\"> Ya todo vuelve a la normalidad, y los amigos nos animan a mover el disco. Entra de nuevo el gusanillo. Van apareciendo conciertos. El hecho de tener eso ah\u00ed parado y de cogernos y decirnos: \u201coye, pe\u00f1a, \u00bfesto qu\u00e9?\u201d. Y lo m\u00e1s importante de todo, lo que nos da la \u00faltima fuerza, es el apoyo de Flexidiscos y Mata La M\u00fasica. No hay nada que nos haga m\u00e1s felices que dos amigos de forma altruista conf\u00eden en nosotros y nos acompa\u00f1en en el proyecto.<\/span><br \/>\n<span style=\"color: #000000;\"> Perd\u00f3n, respondiendo a tu pregunta: pues ha sido hasta un alivio tardar tanto en sacarlo.<\/span><br \/>\n<span style=\"color: #000000;\"> A veces es algo tan personal que uno piensa si es bueno o no exponerse emocionalmente de manera tan directa a que la gente sepa lo que hay dentro de ti. Demasiadas pistas. Hoy en d\u00eda estoy totalmente orgulloso de esto. O no.<\/span><\/p>\n<p style=\"text-align: justify;\"><span style=\"color: #000000;\"><strong>El disco lo grab\u00f3 Nick Trampolino (Cuello), lo mezcl\u00f3 Jos\u00e9 Pazos (Futuro Terror) y lo masteriz\u00f3 el australiano Mikey Young (Eddy Current Suppression Ring, Total Control), m\u00fasicos y supongo que (al menos 2\/3) amigos. \u00bfEn qu\u00e9 momento tuvisteis claro que quer\u00edais\u00a0que se encargaran ellos?<\/strong><\/span><br \/>\n<span style=\"color: #000000;\"> En el caso de Mikey Young, somos muy seguidores del movimiento que hay en Australia y especialmente de ese hilo de grupos relacionados como Eddy Current, UV Race, etc. Pensamos que ser\u00eda un buen plan masterizarlo con \u00e9l. Pero hoy en d\u00eda, viendo los resultados, casi que hubi\u00e9ramos elegido a alguien con una trayectoria m\u00e1s punk. Eso no quita que estemos orgullos\u00edsimos del trabajo. De hecho para cosas tipo Total Control ser\u00eda un candidato estupendo.<\/span><br \/>\n<span style=\"color: #000000;\"> En cuanto a Nick, tiene su estudio port\u00e1til y ha sido siempre el candidato por excelencia, puesto que hace muy bien su trabajo. Y Jos\u00e9, sabiendo c\u00f3mo trabaja, empleando y exprimiendo la m\u00e1xima sencillez y pureza\u2026<\/span><br \/>\n<span style=\"color: #000000;\"> No s\u00e9, creo que est\u00e1 todo en su sitio. Agradecer a los tres su trabajo. A Mikey no lo conocemos, ni \u00e9l a nosotros, pero gracias igualmente. Y evidentemente fue el primero en cobrar, debido a la inexistente afinidad que nos une.<\/span><br \/>\n<span style=\"color: #000000;\"> Para lo pr\u00f3ximo queremos hacerlo todo nosotros, nos vemos con fuerzas de hacerlo y adem\u00e1s creo que le va mucho al concepto del grupo.<\/span><\/p>\n<p style=\"text-align: justify;\"><span style=\"color: #000000;\"><strong>Me acabo de dar cuenta de que no he escuchado vuestro disco nunca sin hacerlo al menos dos veces (o m\u00e1s) seguidas. \u00bfQu\u00e9 explicaci\u00f3n le veis a esto?<\/strong><\/span><br \/>\n<span style=\"color: #000000;\"> \u00bfEn serio? Jo, gracias de coraz\u00f3n. Esto es una cosa que no entendemos y que forma parte de la disociaci\u00f3n adquirida con esto de Hogar. En los \u00faltimos conciertos hab\u00eda algunas unidades de personas cantando las canciones. Me ha llegado a parecer hasta absurdo a la vez que algo precioso y super reconstituyente. Pero ya saliendo de la autoflagelaci\u00f3n y el victimismo, parece ser que algunas de las personas que pierden su tiempo en escuchar Hogar se han podido ver reflejadas en las letras. No s\u00e9, es muy extra\u00f1o y, joder, al final la m\u00fasica es sentirte vulnerable, libre. Se trata de ser t\u00fa mismo y no s\u00e9, pensando que eso ser\u00eda algo malo, resulta ser algo precioso. En t\u00e9rminos musicales la m\u00fasica es fren\u00e9tica, el charles cerradito y rapidito, melod\u00edas en la voz\u2026 Esta explicaci\u00f3n deber\u00eda ser cortes\u00eda del que lo escucha. Nosotros no pensamos en nada m\u00e1s que en tocar los tres y ver que sal\u00eda, ninguna ambici\u00f3n m\u00e1s que hacerlo lo m\u00e1s natural posible .<\/span><\/p>\n<p style=\"text-align: justify;\"><span style=\"color: #000000;\"><strong>Si nos centramos en Valencia, lugar en el que al menos visto desde aqu\u00ed la escena underground goza de buena salud, aparte de Finale, Paz SS o Podium, bandas en las que est\u00e1is implicados y que ya recomiendo yo, \u00bfcon qu\u00e9 bandas os sent\u00eds hermanados?<\/strong><\/span><br \/>\n<span style=\"color: #000000;\"> Al final la salud es lo que importa y Valencia sistem\u00e1ticamente nunca ha gozado de buena salud. Ahora hay un resurgir de bandas nuevas y es un buen momento de lanzar otro tipo de prop\u00f3sito para que podamos disfrutar todos, de entender que hay muchos tipos de personas y que el disfrute personal no tiene que limitar el disfrute ajeno. Y sobre todo de levantar la mirada hacia el mundo para tratar de ser mejores personas. Hay algo de lo que no se habla mucho, pero al final es lo que somos, un colectivo de personas. Pero reafirmo que el rollito de Valencia est\u00e1 en un momento musical brutal y hay grupazos nuevos como Perd\u00f3n por todo, Mecherete, Disli, Colisi\u00f3n, La Culpa, Presagio, Ca\u00edda o Amor, que te recomendamos muy fuertemente.<\/span><\/p>\n<p style=\"text-align: justify;\"><span style=\"color: #000000;\"><strong>\u00bfEn qu\u00e9 medida pens\u00e1is que la existencia de espacios como La Residencia contribuyen a la proliferaci\u00f3n de bandas en una ciudad relativamente grande como la vuestra?<\/strong><\/span><br \/>\n<span style=\"color: #000000;\"> Sitios como La Residencia son indispensables a la hora de educarnos con unos valores y una manera de hacer las cosas al margen de los intereses, mediante el trato directo y el trabajo en equipo, y de llevar esos valores a la pr\u00e1ctica y a la organizaci\u00f3n. Como muchos colectivos hay situaciones en las que se les pone entre la espada y la pared a la hora de tomar decisiones de cara al p\u00fablico y es un trabajo que de manera individual es invisible y por eso aplaudo y valoro su trabajo. Al final es gente que trabaja y se lo curra para que haya puntos donde nos podamos expresar en funci\u00f3n de nuestras inquietudes.<\/span><\/p>\n<p style=\"text-align: justify;\"><span style=\"color: #000000;\"><strong>La primera vez que escrib\u00ed algo sobre vosotros, para la gente que no os conociera, puse que lo vuestro es punk de la misma liga que La URSS, Biznaga, Futuro Terror o Nadsat. \u00bfOs sent\u00eds identificados con estas bandas? \u00bfCon qu\u00e9 bandas no valenciana lo hac\u00e9is?<\/strong><\/span><br \/>\n<span style=\"color: #000000;\"> Puede ser que Hogar est\u00e9 en un punto raro a la hora de clasificar. Han llegado a decir que tenemos influencia de Carolina Durante. Por favor, vamos a ver, la \u00fanica vez que los he escuchado ha sido a ra\u00edz de esa cr\u00edtica y mi impresi\u00f3n fue que no tenemos absolutamente nada que ver. Por otro lado s\u00ed que veo bastante razonable y gratificante la comparaci\u00f3n con Los Claveles, que oye, mira, no lo hab\u00edamos pensado, pero me la guardo, todo un halago. Por nuestra parte le veo un s\u00edmil bastante guay con Rata Negra. Probablemente nos haya influenciado. O no, no lo s\u00e9, pero nos encanta Rata Negra. Con Biznaga le encuentro yo menos parecido. Con Nadsat toqu\u00e9 una vez con Techo Lunar en La Mistelera y fue muy familiar y bonito. Un saludo a Nadsat. Pero, igual que con La URSS, los veo m\u00e1s parecidos entre s\u00ed. Con Futuro Terror hay influencia directa. Alicante y Benidorm est\u00e1n al lado y muchos de los que hoy hacemos nuestros tejemanejes en Valencia los hac\u00edamos m\u00e1s por la zona de Alicante y esta gente ten\u00eda grupos muy guays en aquella \u00e9poca que me petan el cerebro, como Los Pl\u00e1tanos por ejemplo.<\/span><br \/>\n<span style=\"color: #000000;\"> Voy a poner un ejemplo menos asequible, pero s\u00ed, producto nacional y nunca mejor dicho, porque menudos canallas, jejeje: Los Nikis. Tambi\u00e9n, por alg\u00fan motivo, la forma de tocar nos recordaba al principio a los Adolescents o grupos as\u00ed, que no podr\u00eda comparar con ninguno de por aqu\u00ed. Al final el sonido que nos mola a cada uno se va fusionando con el de los otros y van saliendo las bandas. Igual por eso podr\u00eda parecer que una ciudad tiene un sonido caracter\u00edstico o algo as\u00ed.<\/span><\/p>\n<p style=\"text-align: justify;\"><span style=\"color: #000000;\"><strong>Esta temporada invierno\/primavera ten\u00e9is por fin varios conciertos fuera de Valencia en poco tiempo. Mientras tanto os hab\u00e9is dejado ver alguna vez en vuestra ciudad. Pero antes de todo esto, al terminar el confinamiento, os toc\u00f3 hacer unos cuantos bolos en lugares raros y de forma imprevista. \u00bfQu\u00e9 sacasteis en positivo de aquella experiencia?<\/strong><\/span><br \/>\n<span style=\"color: #000000;\"> La liberaci\u00f3n de tocar en una situaci\u00f3n tan rara. Era el principio de la pandemia y todo el mundo pensaba que ya podr\u00edamos tocar y bailar, no sab\u00edamos a lo que nos expon\u00edamos y tampoco estaban las leyes tan consolidadas al respecto. A partir de ah\u00ed, ya era imposible tocar en cualquier sitio, ya que te podr\u00eda caer un buen marr\u00f3n. Despu\u00e9s de eso ya mundo sillas y mesas y nosotros no and\u00e1bamos nada motivados, como contaba antes. Intentamos hacer una gira por el norte y se cancel\u00f3 toda de un d\u00eda para otro. La verdad que fue raro, tanta incertidumbre no te deja disfrutar mucho. Se queda un recuerdo variopinto.<\/span><\/p>\n<p style=\"text-align: justify;\"><span style=\"color: #000000;\"><strong>En la presentaci\u00f3n de la banda en Instagram hace dos a\u00f1os dec\u00edais que ven\u00eds a hablar, entre otras muchas cosas, de lo frito que tenemos el cerebro de tanto mirar el m\u00f3vil y aqu\u00ed estoy yo, escribiendo esto directamente en las notas del m\u00edo y recordando la de veces que \u00faltimamente se me olvida lo que realmente quer\u00eda hacer o buscar cuando me pongo a mirarlo en el mismo. \u00bfSomos una sociedad dispersa? \u00bfPens\u00e1is que es algo, en t\u00e9rminos generales, generacional o m\u00e1s bien global?<\/strong><\/span><br \/>\n<span style=\"color: #000000;\"> Lo frito que tenemos el cerebro por el m\u00f3vil y otras cosas. Pero queda m\u00e1s actual decir el m\u00f3vil y as\u00ed nos entendemos todo el mundo. \u00bfPero qu\u00e9 es el m\u00f3vil? \u00bfUna dependencia m\u00e1s? \u00bfUna forma de esclavitud m\u00e1s? \u00bfUna manera m\u00e1s de controlar el mundo? \u00bfOtro tipo de droga m\u00e1s? Hay muchas otras herramientas que est\u00e1n en nuestras manos y que generan un efecto antag\u00f3nico en nuestras vidas. En cambio lo vemos como una liberaci\u00f3n, una herramienta hacia el futuro y hacia la mejora de nuestra calidad de vida. Podr\u00eda serlo, pero no lo es. O es irrelevante o no. Y como consecuencia somos una sociedad dispersa, cero comprometida, ego\u00edsta y absolutamente controlada. Por lo tanto, dejamos todo el trabajo hecho al poder. Lo del tel\u00e9fono hace referencia a c\u00f3mo est\u00e1 hoy en d\u00eda la sociedad, totalmente domotizada. Es el s\u00edmbolo de la \u00e9poca. Somos una mierda de gente en t\u00e9rminos generales y en t\u00e9rminos generacionales. \u00bfQu\u00e9 pens\u00e1bamos, que la guerra no nos la \u00edbamos a comer m\u00e1s? \u00bfQue estamos todos ya muy bien asentados con una buena flor en el culo? En conclusi\u00f3n, creo que el m\u00f3vil va a ser un punto de cambio evolutivo influenciado por el inter\u00e9s del ser humano hacia un camino no natural. No s\u00e9, como en la peli de Wally, como en Benidorm\u2026 Puede que lleguemos a dejar de andar, a dejar de tener relaciones de contacto humano. No s\u00e9, una especie de futuro como en Matrix en el caso hipot\u00e9tico de que esto se consolide. A no ser que pase como en Mad Max, que no sabr\u00eda qu\u00e9 decirte, jajaja. Al fin y al cabo aqu\u00ed estamos sufriendo un golpe de realidad los acomodados y lo estamos viendo gracias al tel\u00e9fono m\u00f3vil, porque en la tele poco vamos a sacar en conclusi\u00f3n. Pero da igual, al final todo cae por su propio peso antes de que pase cualquier cosa determinante. Aunque de nada sirve lo determinante cuando el poder m\u00e1ximo manipula y tapa la realidad en funci\u00f3n de su inter\u00e9s, para que sigamos viendo el m\u00f3vil o drog\u00e1ndonos. Un claro ejemplo de la incongruencia y de que lo que te venden nunca es lo que has comprado. El pez que se muerde la cola.<\/span><\/p>\n<p style=\"text-align: justify;\"><span style=\"color: #000000;\"><strong>Para acabar, pero no por ello menos importante: \u00bfQu\u00e9\u00a0es lo que hay?<\/strong><\/span><br \/>\n<span style=\"color: #000000;\"> Lo que hay es lo que hay. Hollywood y Disney son propaganda militar. Nuestras ambiciones son mentiras y nuestros sue\u00f1os son falsos. Como digo en la canci\u00f3n \u2018Pen\u00faltima generaci\u00f3n\u2019, ya no distinguimos entre nuestros intereses y nuestras necesidades. Lo que hay es la aceptaci\u00f3n de lo que nos pasa. La decepci\u00f3n, la incertidumbre, la depresi\u00f3n o la ansiedad son cosas horribles. Dejas de ser t\u00fa mismo y hasta que no empiezas de cero a quererte y a valorarte, como cuando gozabas de la inocencia infantil, no te das cuenta de que lo que ves es lo que hay y de que no eres el centro de la Tierra, pero s\u00ed una piedra de un gran muro. No hay m\u00e1s. Bueno, s\u00ed: miseria, hambre y guerra. Parece que algunos ya no nos acordamos de lo que se siente. Otros s\u00ed lo ven y otros hasta lo disfrutan.<\/span><\/p>\n","protected":false},"excerpt":{"rendered":"<p>Chimo (guitarra y voz), Javato (bajo y voz) y Oliver (bater\u00eda y voz) son Hogar, un tr\u00edo valenciano que factura el mejor punk que te puedes encontrar en la actualidad por estos lares. Elocuente e inconformista, Chimo atiende nuestras preguntas. Casi dos a\u00f1os despu\u00e9s de grabarse, pandemia mediante, se puede escuchar vuestro primer disco (publicado [&hellip;]<\/p>\n","protected":false},"author":2,"featured_media":0,"comment_status":"open","ping_status":"open","sticky":false,"template":"","format":"standard","meta":[],"categories":[876],"tags":[2268],"_links":{"self":[{"href":"https:\/\/www.mmamm.net\/timpanosyluciernagas\/wordpress\/index.php\/wp-json\/wp\/v2\/posts\/2898"}],"collection":[{"href":"https:\/\/www.mmamm.net\/timpanosyluciernagas\/wordpress\/index.php\/wp-json\/wp\/v2\/posts"}],"about":[{"href":"https:\/\/www.mmamm.net\/timpanosyluciernagas\/wordpress\/index.php\/wp-json\/wp\/v2\/types\/post"}],"author":[{"embeddable":true,"href":"https:\/\/www.mmamm.net\/timpanosyluciernagas\/wordpress\/index.php\/wp-json\/wp\/v2\/users\/2"}],"replies":[{"embeddable":true,"href":"https:\/\/www.mmamm.net\/timpanosyluciernagas\/wordpress\/index.php\/wp-json\/wp\/v2\/comments?post=2898"}],"version-history":[{"count":0,"href":"https:\/\/www.mmamm.net\/timpanosyluciernagas\/wordpress\/index.php\/wp-json\/wp\/v2\/posts\/2898\/revisions"}],"wp:attachment":[{"href":"https:\/\/www.mmamm.net\/timpanosyluciernagas\/wordpress\/index.php\/wp-json\/wp\/v2\/media?parent=2898"}],"wp:term":[{"taxonomy":"category","embeddable":true,"href":"https:\/\/www.mmamm.net\/timpanosyluciernagas\/wordpress\/index.php\/wp-json\/wp\/v2\/categories?post=2898"},{"taxonomy":"post_tag","embeddable":true,"href":"https:\/\/www.mmamm.net\/timpanosyluciernagas\/wordpress\/index.php\/wp-json\/wp\/v2\/tags?post=2898"}],"curies":[{"name":"wp","href":"https:\/\/api.w.org\/{rel}","templated":true}]}}