{"id":977,"date":"2012-06-29T17:25:15","date_gmt":"2012-06-29T16:25:15","guid":{"rendered":"http:\/\/www.mmamm.net\/?p=977"},"modified":"2012-06-29T17:25:15","modified_gmt":"2012-06-29T16:25:15","slug":"profesionales-con-arte-jaime-parra-navarro","status":"publish","type":"post","link":"https:\/\/www.mmamm.net\/index.php\/2012\/06\/29\/profesionales-con-arte-jaime-parra-navarro\/","title":{"rendered":"Profesionales con arte: Jaime Parra Navarro"},"content":{"rendered":"<p style=\"text-align: center;\"><a href=\"https:\/\/www.mmamm.net\/wordpress\/wp-content\/uploads\/230056_142111902528506_6874583_n.jpg\"><img decoding=\"async\" loading=\"lazy\" class=\"alignnone size-full wp-image-978\" title=\"Jaime Parra Navarro\" src=\"https:\/\/www.mmamm.net\/wordpress\/wp-content\/uploads\/230056_142111902528506_6874583_n.jpg\" alt=\"\" width=\"480\" height=\"428\" srcset=\"https:\/\/www.mmamm.net\/wordpress\/wp-content\/uploads\/230056_142111902528506_6874583_n.jpg 720w, https:\/\/www.mmamm.net\/wordpress\/wp-content\/uploads\/230056_142111902528506_6874583_n-300x267.jpg 300w\" sizes=\"(max-width: 480px) 100vw, 480px\" \/><\/a><\/p>\n<p style=\"text-align: center;\">&nbsp;<\/p>\n<p style=\"text-align: justify;\"><strong>Jaime Parra Navarro (Caravaca de la Cruz, 1979).<\/strong><\/p>\n<p style=\"text-align: justify;\">&nbsp;<\/p>\n<p style=\"text-align: justify;\"><em>Director durante los \u00faltimos tres a\u00f1os del semanario El Noroeste, en el que empez\u00f3 a trabajar en el a\u00f1o 2006, y colaborador espor\u00e1dico de medios como La Culturer\u00eda, Teleprensa o la desaparecida emisora SER Noroeste, este periodista caravaque\u00f1o demuestra d\u00eda a d\u00eda su pasi\u00f3n por la m\u00fasica, el cine y otras expresiones art\u00edsticas a trav\u00e9s de las redes sociales y de su blog, \u00ab<a href=\"http:\/\/valordeley.blogspot.com.es\" target=\"_blank\">Duelos y quebrantos<\/a>\u00ab, en el que realiza un atrevido repaso de la actualidad en t\u00e9rminos generales.<\/em><br \/>\n<em>Acostumbrado a estar al otro lado, se somete encantado a este cuestionario, en cuyas respuestas podemos vislumbrar, entre multitud de joyas, un inquietante lado oscuro&#8230; ese que algunos conocen como \u00abLas perversiones de Coyote\u00bb.<\/em><\/p>\n<p style=\"text-align: justify;\">&nbsp;<\/p>\n<p style=\"text-align: justify;\"><strong>\u00bfHas llevado a la pr\u00e1ctica en alguna ocasi\u00f3n tus inquietudes (banda, grupo de teatro, publicaci\u00f3n literaria o period\u00edstica, cortometraje, etc, etc) o te has limitado al papel de p\u00fablico?<\/strong><br \/>\nComo p\u00fablico. Aunque en el semanario que dirijo hay una secci\u00f3n de cr\u00edtica musical y procuro entrevistar a los m\u00fasicos (m\u00e1s bien escasos) que tocan en la comarca del Noroeste.<\/p>\n<p style=\"text-align: justify;\">&nbsp;<\/p>\n<p style=\"text-align: justify;\"><strong>\u00bfQu\u00e9 papel juega la m\u00fasica en tu vida cotidiana? \u00bfTe acompa\u00f1a en tu jornada laboral? \u00bfQu\u00e9 tipo de m\u00fasica\/bandas o emisoras de radio (musicales) escuchas habitualmente?<\/strong><br \/>\nNo salgo a la calle sin mi mp3: casi siempre lo llevo encendido, pero incluso si no, saber que me puedo abstraer en la m\u00fasica, me funciona como ansiol\u00edtico.<br \/>\nCon el primer caf\u00e9 de la ma\u00f1ana suelo escuchar folk y \u00faltimamente tambi\u00e9n dub. Mientras paseo cualquier cosa que me anime: rock, reggaeton, cumbia, electr\u00f3nica\u2026 Pero al redactar una noticia con la m\u00fasica se me va el santo al cielo as\u00ed que me la he prohibido.<\/p>\n<p style=\"text-align: justify;\">&nbsp;<\/p>\n<p style=\"text-align: justify;\"><strong>\u00bfQu\u00e9 discos\/grupos escuchas m\u00e1s en los \u00faltimos tiempos? \u00bfPrefieres m\u00fasica actual o m\u00fasica \u201cde siempre\u201d?<\/strong><br \/>\nLlevo desde hace un par de semanas sin parar de escuchar en el mp3 \u00abDispossession\u00bb de Mike Wexler: un disco para escucharlo del tir\u00f3n. No temas sueltos. Tambi\u00e9n el nuevo disco de Peaking Lights, \u00abLucifer\u00bb. Con el disco de Talk Talk \u00abThe colour of spring\u00bb, \u00abKarimba\u00bb de Novalima y \u00abUn digito binario dudoso\u00bb de Hidrogenesse, es la m\u00fasica que tengo en el mp3.<\/p>\n<p style=\"text-align: justify;\">&nbsp;<\/p>\n<p style=\"text-align: justify;\"><strong>\u00bfCD, vinilo o mp3? \u00bfUsas Spotify o alg\u00fan servicio similar?<\/strong><br \/>\nPor cuesti\u00f3n de comodidad y de espacio prefiero el mp3. Canciones sueltas s\u00ed escucho por Bandcamp o Spotify, pero al final acabo teniendo todo lo que me interesa en mp3.<\/p>\n<p style=\"text-align: justify;\">&nbsp;<\/p>\n<p style=\"text-align: justify;\"><strong>\u00bfCu\u00e1l es el \u00faltimo disco que has comprado?<\/strong><br \/>\nLe compr\u00e9 a mi madre hace unos meses \u00abHijo de la luz y de la sombra\u00bb de Serrat y un recopilarlo de Carlos Cano. Los dos me los he quedado. Para m\u00ed no lo recuerdo, hace ya demasiado tiempo: probablemente el \u00abMoondance\u00bb de Van Morrison y el \u00abHorse\u00bb de Patti Smith.<\/p>\n<p style=\"text-align: justify;\">&nbsp;<\/p>\n<p style=\"text-align: justify;\"><strong>\u00bfCon qu\u00e9 regularidad acudes a conciertos o a otro tipo de espect\u00e1culos esc\u00e9nicos? \u00bfHay alguno del que guardes un especial recuerdo?<\/strong><br \/>\nVa por \u00e9pocas, pero aproximadamente cada quinces d\u00edas.<br \/>\nRecuerdo como algo m\u00e1gico cuando tuve la oportunidad de ver a Van Morrison en Barcelona con 15 \u00f3 16 a\u00f1os. Tambi\u00e9n mi primer concierto de rock, Los Suaves en Bullas. Aunque ya no tengo claro si lo especial fue el concierto o lo j\u00f3venes que \u00e9ramos mis amigos y yo.<\/p>\n<p style=\"text-align: justify;\">&nbsp;<\/p>\n<p style=\"text-align: justify;\"><strong>\u00bfQu\u00e9 pel\u00edcula\/s no te cansas de ver?<\/strong><br \/>\n\u00abFucking Amal\u00bb de Lukas Moodysson la veo un par de veces cada a\u00f1o desde que la estrenaron en 1998. Al igual que \u00abPunch Drunk Love\u00bb de Paul Thomas Anderson. Tambi\u00e9n es visi\u00f3n obligada cada a\u00f1o \u00abCarta a tres esposas\u00bb de Joseph L. Mankiewicz.<\/p>\n<p style=\"text-align: justify;\">&nbsp;<\/p>\n<p style=\"text-align: justify;\"><strong>\u00bfCu\u00e1l es la \u00faltima pel\u00edcula que has visto?<\/strong><br \/>\n\u00abGod bless America\u00bb, una peli muy gamberra y divertida; y \u00abTwixt\u00bb, el \u00faltimo y decepcionante Coppola.<\/p>\n<p style=\"text-align: justify;\">&nbsp;<\/p>\n<p style=\"text-align: justify;\"><strong>\u00bfCine, Filmoteca, Home Cinema o lo que surja?<\/strong><br \/>\nGeneralmente veo el cine en casa. En Caravaca no hay cine subtitulado y tampoco es que en Murcia en la Filmoteca hagan ciclos de inter\u00e9s. Aunque en realidad apenas voy al cine porque no se puede fumar. Cruzo los dedos para que Ana Mato y Esperanza Aguirre se carguen la Ley Antitabaco y los cruzo otra vez para que alg\u00fan ricach\u00f3n norteamericano las obligue a legalizar la marihuana.<\/p>\n<p style=\"text-align: justify;\">&nbsp;<\/p>\n<p style=\"text-align: justify;\"><strong>\u00bfEst\u00e1s enganchado a alguna serie de TV?<\/strong><br \/>\nHomeland, Community, Sherlock, Fringe, que he devorado sus cuatro primeras temporadas en un par de semanas, y Psych, una joya que creo que se ha minusvalorado. Pero tampoco tengo mucho paladar: serie que sacan, serie que veo.<\/p>\n<p style=\"text-align: justify;\">&nbsp;<\/p>\n<p style=\"text-align: justify;\"><strong>\u00bfDe qu\u00e9 escritor regalar\u00edas sus libros una y otra vez (o qu\u00e9 libro concreto)?<\/strong><br \/>\nProbablemente \u00abEl jugador\u00bb de Dostoievski. Aunque para un adolescente \u00abEl Conde de Montecristo\u00bb de Alejandro Dumas, que fue el que marc\u00f3 mi adolescencia.<\/p>\n<p style=\"text-align: justify;\">&nbsp;<\/p>\n<p style=\"text-align: justify;\"><strong>\u00bfCu\u00e1l es el \u00faltimo libro que has le\u00eddo o que est\u00e1s leyendo ahora mismo?<\/strong><br \/>\n\u00abIfigenia en Forest Hills\u00bb, de la periodista Janet Malcolm.<\/p>\n<p style=\"text-align: justify;\">&nbsp;<\/p>\n<p style=\"text-align: justify;\"><strong>\u00bfEres aficionado a los c\u00f3mics?<\/strong><br \/>\nDe peque\u00f1o le\u00eda muchos tebeos de Mortadelo y de Zipi y Zape. Tambi\u00e9n c\u00f3mics de Daredevil. Hace poco termin\u00e9 \u00abLa Protectora\u00bb, de Keko, una especie de continuaci\u00f3n de la novela \u00abOtra vuelta de tuerca\u00bb de Henry James. Pero los precios de los c\u00f3mics me resultan prohibitivos. Y, aunque en la Biblioteca Regional, he visto que hay gran variedad, tengo la man\u00eda de no leer novelas o c\u00f3mics que no sean m\u00edos. Si me gusta s\u00e9 que ya no me lo voy a comprar y me da rabia.<\/p>\n<p style=\"text-align: justify;\">&nbsp;<\/p>\n<p style=\"text-align: justify;\"><strong>\u00bfY alguna otra disciplina art\u00edstico-cultural?<\/strong><br \/>\nEn principio no, aunque estoy abierto a acudir el d\u00eda de ma\u00f1ana a la zarzuela o a un concurso de lanzamiento de huesos de oliva.<\/p>\n<p style=\"text-align: justify;\">&nbsp;<\/p>\n<p style=\"text-align: justify;\"><strong>\u00bfQu\u00e9 medios usas habitualmente para mantenerte informado sobre todos estos asuntos (programas de radio y televisi\u00f3n, revistas y fanzines, blogs, redes sociales, etc)?<\/strong><br \/>\nRadio poca, televisi\u00f3n ninguna; revistas, blogs y sobre todo el intercambio de gustos con amigos.<\/p>\n<p>&nbsp;<\/p>\n","protected":false},"excerpt":{"rendered":"<p>&nbsp; Jaime Parra Navarro (Caravaca de la Cruz, 1979). &nbsp; Director durante los \u00faltimos tres a\u00f1os del semanario El Noroeste, en el que empez\u00f3 a trabajar en el a\u00f1o 2006, y colaborador espor\u00e1dico de medios como La Culturer\u00eda, Teleprensa o la desaparecida emisora SER Noroeste, este periodista caravaque\u00f1o demuestra d\u00eda a d\u00eda su pasi\u00f3n por [&hellip;]<\/p>\n","protected":false},"author":1,"featured_media":0,"comment_status":"open","ping_status":"open","sticky":false,"template":"","format":"standard","meta":[],"categories":[4,410],"tags":[498,497,496,499],"_links":{"self":[{"href":"https:\/\/www.mmamm.net\/index.php\/wp-json\/wp\/v2\/posts\/977"}],"collection":[{"href":"https:\/\/www.mmamm.net\/index.php\/wp-json\/wp\/v2\/posts"}],"about":[{"href":"https:\/\/www.mmamm.net\/index.php\/wp-json\/wp\/v2\/types\/post"}],"author":[{"embeddable":true,"href":"https:\/\/www.mmamm.net\/index.php\/wp-json\/wp\/v2\/users\/1"}],"replies":[{"embeddable":true,"href":"https:\/\/www.mmamm.net\/index.php\/wp-json\/wp\/v2\/comments?post=977"}],"version-history":[{"count":0,"href":"https:\/\/www.mmamm.net\/index.php\/wp-json\/wp\/v2\/posts\/977\/revisions"}],"wp:attachment":[{"href":"https:\/\/www.mmamm.net\/index.php\/wp-json\/wp\/v2\/media?parent=977"}],"wp:term":[{"taxonomy":"category","embeddable":true,"href":"https:\/\/www.mmamm.net\/index.php\/wp-json\/wp\/v2\/categories?post=977"},{"taxonomy":"post_tag","embeddable":true,"href":"https:\/\/www.mmamm.net\/index.php\/wp-json\/wp\/v2\/tags?post=977"}],"curies":[{"name":"wp","href":"https:\/\/api.w.org\/{rel}","templated":true}]}}