{"id":909,"date":"2012-03-18T21:08:52","date_gmt":"2012-03-18T20:08:52","guid":{"rendered":"http:\/\/www.mmamm.net\/?p=909"},"modified":"2012-03-18T21:08:52","modified_gmt":"2012-03-18T20:08:52","slug":"cancion-de-la-semana-cine-azteca-de-fira-fem","status":"publish","type":"post","link":"https:\/\/www.mmamm.net\/index.php\/2012\/03\/18\/cancion-de-la-semana-cine-azteca-de-fira-fem\/","title":{"rendered":"Canci\u00f3n de la semana: \u00abCine Azteca\u00bb de Fira Fem"},"content":{"rendered":"<p><a href=\"https:\/\/www.mmamm.net\/wordpress\/wp-content\/uploads\/1619818934-1.jpg\"><img decoding=\"async\" loading=\"lazy\" class=\"size-full wp-image-910 aligncenter\" title=\"Fira Fem\" src=\"https:\/\/www.mmamm.net\/wordpress\/wp-content\/uploads\/1619818934-1.jpg\" alt=\"\" width=\"350\" height=\"350\" srcset=\"https:\/\/www.mmamm.net\/wordpress\/wp-content\/uploads\/1619818934-1.jpg 350w, https:\/\/www.mmamm.net\/wordpress\/wp-content\/uploads\/1619818934-1-150x150.jpg 150w, https:\/\/www.mmamm.net\/wordpress\/wp-content\/uploads\/1619818934-1-300x300.jpg 300w\" sizes=\"(max-width: 350px) 100vw, 350px\" \/><\/a><\/p>\n<p style=\"text-align: justify;\"><a href=\"https:\/\/www.facebook.com\/pages\/FIRA-FEM\/297785827844\" target=\"_blank\" class=\"broken_link\">Fira Fem<\/a> son el m\u00e1s reciente fichaje de <a href=\"http:\/\/www.aloudmusic.com\" target=\"_blank\">Aloud Music<\/a>. Despu\u00e9s de varias demos que les valieron los elogios de la prensa especializada el grupo afincado en Madrid debuta el pr\u00f3ximo mes de abril con \u00abAedificatoria\u00bb. Esta semana hemos podido conocer un tema de adelanto de este disco, \u00abCine Azteca\u00bb.<\/p>\n<p style=\"text-align: justify;\">&nbsp;<\/p>\n<p><center><object height=\"81\" width=\"100%\"><param name=\"movie\" value=\"https:\/\/player.soundcloud.com\/player.swf?url=http%3A%2F%2Fapi.soundcloud.com%2Ftracks%2F39045003\"><\/param><param name=\"allowscriptaccess\" value=\"always\"><\/param><embed allowscriptaccess=\"always\" height=\"81\" src=\"https:\/\/player.soundcloud.com\/player.swf?url=http%3A%2F%2Fapi.soundcloud.com%2Ftracks%2F39045003\" type=\"application\/x-shockwave-flash\" width=\"100%\"><\/embed><\/object> <\/center><\/p>\n<p style=\"text-align: justify;\">&nbsp;<\/p>\n","protected":false},"excerpt":{"rendered":"<p>Fira Fem son el m\u00e1s reciente fichaje de Aloud Music. Despu\u00e9s de varias demos que les valieron los elogios de la prensa especializada el grupo afincado en Madrid debuta el pr\u00f3ximo mes de abril con \u00abAedificatoria\u00bb. Esta semana hemos podido conocer un tema de adelanto de este disco, \u00abCine Azteca\u00bb. &nbsp; &nbsp;<\/p>\n","protected":false},"author":1,"featured_media":0,"comment_status":"open","ping_status":"open","sticky":false,"template":"","format":"standard","meta":[],"categories":[4,221],"tags":[147,437],"_links":{"self":[{"href":"https:\/\/www.mmamm.net\/index.php\/wp-json\/wp\/v2\/posts\/909"}],"collection":[{"href":"https:\/\/www.mmamm.net\/index.php\/wp-json\/wp\/v2\/posts"}],"about":[{"href":"https:\/\/www.mmamm.net\/index.php\/wp-json\/wp\/v2\/types\/post"}],"author":[{"embeddable":true,"href":"https:\/\/www.mmamm.net\/index.php\/wp-json\/wp\/v2\/users\/1"}],"replies":[{"embeddable":true,"href":"https:\/\/www.mmamm.net\/index.php\/wp-json\/wp\/v2\/comments?post=909"}],"version-history":[{"count":0,"href":"https:\/\/www.mmamm.net\/index.php\/wp-json\/wp\/v2\/posts\/909\/revisions"}],"wp:attachment":[{"href":"https:\/\/www.mmamm.net\/index.php\/wp-json\/wp\/v2\/media?parent=909"}],"wp:term":[{"taxonomy":"category","embeddable":true,"href":"https:\/\/www.mmamm.net\/index.php\/wp-json\/wp\/v2\/categories?post=909"},{"taxonomy":"post_tag","embeddable":true,"href":"https:\/\/www.mmamm.net\/index.php\/wp-json\/wp\/v2\/tags?post=909"}],"curies":[{"name":"wp","href":"https:\/\/api.w.org\/{rel}","templated":true}]}}