{"id":903,"date":"2012-03-12T21:16:24","date_gmt":"2012-03-12T20:16:24","guid":{"rendered":"http:\/\/www.mmamm.net\/?p=903"},"modified":"2012-03-16T12:26:17","modified_gmt":"2012-03-16T11:26:17","slug":"joan-colomo-musik-murcia","status":"publish","type":"post","link":"https:\/\/www.mmamm.net\/index.php\/2012\/03\/12\/joan-colomo-musik-murcia\/","title":{"rendered":"Joan Colomo @ Musik, Murcia"},"content":{"rendered":"<p style=\"text-align: justify;\">El pasado mes de diciembre <a href=\"https:\/\/www.facebook.com\/pages\/Joan-Colomo\/241399100607\" target=\"_blank\" class=\"broken_link\">Joan Colomo<\/a> se lanzaba a la aventura del crowdfounding, a trav\u00e9s de <a href=\"http:\/\/www.verkami.com\/projects\/1054\" target=\"_blank\">Verkami<\/a>, para intentar recaudar fondos para la grabaci\u00f3n de su \u00abProducto Interior Vol.2\u00bb. El resultado fue satisfactorio, durante 40 d\u00edas m\u00e1s de 200 \u00abmecenas\u00bb fueron realizando las aportaciones con las que se ha financiado el tercer disco del cantautor de Sant Celoni, que ya est\u00e1 preparado para su lanzamiento, el pr\u00f3ximo 20 de marzo a trav\u00e9s de <a href=\"http:\/\/www.bcoredisc.com\" target=\"_blank\">Bcore Disc<\/a>.<\/p>\n<p style=\"text-align: justify;\">&nbsp;<\/p>\n<p style=\"text-align: justify;\">Desde el pasado fin de semana ya conocemos un adelanto del \u00e1lbum, \u00abEl fong i el llargandaix\u00bb, en forma de <a href=\"http:\/\/www.ara.cat\/cultura\/videoclip-llargandaix-Joan-Colomo-telluric_0_660534117.html\" target=\"_blank\">videoclip<\/a>, y esta semana\u00a0algunos afortunados podr\u00e1n escuchar por anticipado otras canciones de este nuevo trabajo de <a href=\"https:\/\/www.facebook.com\/pages\/Joan-Colomo\/241399100607\" target=\"_blank\" class=\"broken_link\">Joan Colomo<\/a>. En directo adem\u00e1s, el pr\u00f3ximo viernes en Valencia, en plenas Fallas. Un d\u00eda antes lo tendremos\u00a0en Murcia, acompa\u00f1ado de su banda habitual.<\/p>\n<p style=\"text-align: justify;\">&nbsp;<\/p>\n<p style=\"text-align: justify;\">Es el primer concierto que el barcelon\u00e9s realiza en nuestra ciudad, una oportunidad \u00fanica para disfrutar del gran talento de este artista de productividad sin par (seis discos en ocho a\u00f1os entre La C\u00e9lula Durmiente y este otro proyecto personal) en su h\u00e1bitat natural, el escenario, y conocer su\u00a0ecl\u00e9ctico estilo personal, producto de una amalgama de influencias musicales, y su m\u00e1gico \u00abuniverso propio\u00bb, caracterizado por una actitud desenfadada heredada de su pasado en bandas de punk rock, un punto de comedia que hace que a veces tengamos la sensaci\u00f3n de tener delante una reencarnaci\u00f3n de Eugenio o Rubianes en vez de un m\u00fasico y la peculiaridad de sus letras, que no por poder resultar exc\u00e9ntricas en ocasiones, dejan de tener un car\u00e1cter cr\u00edtico.<\/p>\n<p style=\"text-align: justify;\">&nbsp;<\/p>\n<p style=\"text-align: justify;\"><strong><a href=\"https:\/\/www.facebook.com\/pages\/Joan-Colomo\/241399100607\" target=\"_blank\" class=\"broken_link\">JOAN COLOMO<\/a><\/strong><br \/>\nJueves 15 de marzo de 2012<br \/>\nMusik (Murcia)<br \/>\n23 horas<br \/>\n5 euros (incluye una consumici\u00f3n)<\/p>\n<p style=\"text-align: justify;\">&nbsp;<\/p>\n<p style=\"text-align: justify;\"><a href=\"https:\/\/www.mmamm.net\/wordpress\/wp-content\/uploads\/420591_10150659559938850_704968849_9258146_1674084547_n.jpg\"><img decoding=\"async\" loading=\"lazy\" class=\"alignnone size-full wp-image-904\" title=\"Joan Colomo en Murcia\" src=\"https:\/\/www.mmamm.net\/wordpress\/wp-content\/uploads\/420591_10150659559938850_704968849_9258146_1674084547_n.jpg\" alt=\"\" width=\"635\" height=\"898\" srcset=\"https:\/\/www.mmamm.net\/wordpress\/wp-content\/uploads\/420591_10150659559938850_704968849_9258146_1674084547_n.jpg 635w, https:\/\/www.mmamm.net\/wordpress\/wp-content\/uploads\/420591_10150659559938850_704968849_9258146_1674084547_n-212x300.jpg 212w\" sizes=\"(max-width: 635px) 100vw, 635px\" \/><\/a><\/p>\n<p style=\"text-align: justify;\">&nbsp;<\/p>\n","protected":false},"excerpt":{"rendered":"<p>El pasado mes de diciembre Joan Colomo se lanzaba a la aventura del crowdfounding, a trav\u00e9s de Verkami, para intentar recaudar fondos para la grabaci\u00f3n de su \u00abProducto Interior Vol.2\u00bb. El resultado fue satisfactorio, durante 40 d\u00edas m\u00e1s de 200 \u00abmecenas\u00bb fueron realizando las aportaciones con las que se ha financiado el tercer disco del [&hellip;]<\/p>\n","protected":false},"author":1,"featured_media":0,"comment_status":"open","ping_status":"open","sticky":false,"template":"","format":"standard","meta":[],"categories":[4,25],"tags":[85,50,41,233,430,86,429],"_links":{"self":[{"href":"https:\/\/www.mmamm.net\/index.php\/wp-json\/wp\/v2\/posts\/903"}],"collection":[{"href":"https:\/\/www.mmamm.net\/index.php\/wp-json\/wp\/v2\/posts"}],"about":[{"href":"https:\/\/www.mmamm.net\/index.php\/wp-json\/wp\/v2\/types\/post"}],"author":[{"embeddable":true,"href":"https:\/\/www.mmamm.net\/index.php\/wp-json\/wp\/v2\/users\/1"}],"replies":[{"embeddable":true,"href":"https:\/\/www.mmamm.net\/index.php\/wp-json\/wp\/v2\/comments?post=903"}],"version-history":[{"count":0,"href":"https:\/\/www.mmamm.net\/index.php\/wp-json\/wp\/v2\/posts\/903\/revisions"}],"wp:attachment":[{"href":"https:\/\/www.mmamm.net\/index.php\/wp-json\/wp\/v2\/media?parent=903"}],"wp:term":[{"taxonomy":"category","embeddable":true,"href":"https:\/\/www.mmamm.net\/index.php\/wp-json\/wp\/v2\/categories?post=903"},{"taxonomy":"post_tag","embeddable":true,"href":"https:\/\/www.mmamm.net\/index.php\/wp-json\/wp\/v2\/tags?post=903"}],"curies":[{"name":"wp","href":"https:\/\/api.w.org\/{rel}","templated":true}]}}