{"id":836,"date":"2012-02-15T18:07:07","date_gmt":"2012-02-15T17:07:07","guid":{"rendered":"http:\/\/www.mmamm.net\/wordpress\/?p=836"},"modified":"2016-03-16T14:20:11","modified_gmt":"2016-03-16T12:20:11","slug":"jim-irwin-fiesta-noise-box-perro-la-maniobra-de-q-pedalier","status":"publish","type":"post","link":"https:\/\/www.mmamm.net\/index.php\/2012\/02\/15\/jim-irwin-fiesta-noise-box-perro-la-maniobra-de-q-pedalier\/","title":{"rendered":"Jim Irwin Fiesta: Noise Box + Perro + La Maniobra de Q + Pedalier"},"content":{"rendered":"<p style=\"text-align: justify;\">El pr\u00f3ximo viernes Microsonidos se toma un descanso (el s\u00e1bado regresa con la actuaci\u00f3n de <a href=\"http:\/\/www.12ymedio.com\/microsonidos\/evento.php?id=191\" target=\"_blank\" class=\"broken_link\">Maga y The Crime<\/a>), pero la actividad de conciertos no para en la sala 12&amp;medio. Aprovechando el hueco libre, cuatro grupos murcianos se han unido para montar una fiesta dedicada al astronauta Jim Irwin. \u00bfQu\u00e9 qui\u00e9n es Jim Irwin? Pues el octavo hombre en pisar la Luna (en 1971), el primero en recorrerla a bordo de un veh\u00edculo todoterreno y el primero en fallecer (en 1991), que fue sancionado en 1971 por la NASA a no volver a viajar al espacio por vender unas fotos de la Luna a un coleccionista alem\u00e1n, tras lo cual (en 1972) fund\u00f3 el grupo religioso cristiano High Flight al frente del que dirigi\u00f3 siete expediciones sucesivas al monte Ararat de Turqu\u00eda en b\u00fasqueda del Arca de No\u00e9. Suficiente para organizarle una fiesta de homenaje&#8230; aunque seguro que hay otro motivo que yo desconozco.<\/p>\n<p style=\"text-align: justify;\">&nbsp;<\/p>\n<p style=\"text-align: justify;\">Los protagonistas de la fiesta, aparte de Jim Irwin, son los veteranos <a href=\"http:\/\/noisebox.bandcamp.com\/\" target=\"_blank\">Noise Box<\/a> (<a href=\"https:\/\/www.mmamm.net\/version40\/numero14\/entrevistas14\/noisebox\/noisebox.html\" target=\"_blank\">entrevista<\/a>), que presentan algunas de sus nuevas canciones, como la que pod\u00e9is escuchar un poco m\u00e1s abajo en formato ac\u00fastico en el v\u00eddeo grabado para <a href=\"http:\/\/www.thebackstage.net\" target=\"_blank\">The Backstage<\/a>; <a href=\"http:\/\/perro.bandcamp.com\" target=\"_blank\">Perro<\/a> (<a href=\"https:\/\/www.mmamm.net\/version40\/numero14\/entrevistas14\/perro\/perro.html\" target=\"_blank\">entrevista<\/a>), como siempre con el \u00abansia viva\u00bb, presentando su \u00faltimo trabajo, \u00abAlhabama\u00bb, grabado por Marco Velasco; <a href=\"http:\/\/www.myspace.com\/lamaniobradeq\" target=\"_blank\">La Maniobra de Q<\/a>, que acaban de grabar con Antonio Ill\u00e1n su primer EP; y <a href=\"http:\/\/pedalier.bandcamp.com\/\" target=\"_blank\">Pedalier<\/a>, el nuevo proyecto formado por ex componentes de D\u00faplex.<\/p>\n<p style=\"text-align: justify;\">&nbsp;<\/p>\n<p><center><iframe loading=\"lazy\" src=\"http:\/\/player.vimeo.com\/video\/36652893?title=0&amp;byline=0&amp;portrait=0\" width=\"400\" height=\"265\" frameborder=\"0\" webkitAllowFullScreen mozallowfullscreen allowFullScreen><\/iframe><\/center><\/p>\n<p style=\"text-align: justify;\">&nbsp;<\/p>\n<p>El viernes 17 de febrero a partir de las 22.30 horas, por 5 euros. Puedes acudir a la fiesta con tu propia careta de Jim Irwin: desc\u00e1rgala <a href=\"http:\/\/perromusica.tumblr.com\/post\/17207811915\/imprimela-y-haz-tu-propia-careta-de-jim-irwin\" target=\"_blank\">aqu\u00ed<\/a> e impr\u00edmela.<\/p>\n<p style=\"text-align: justify;\">&nbsp;<\/p>\n<p style=\"text-align: center;\"><a href=\"https:\/\/www.mmamm.net\/wordpress\/wp-content\/uploads\/401096_217767361652346_100002572515590_399002_1636318187_n2.jpg\"><img decoding=\"async\" loading=\"lazy\" class=\"alignnone size-medium wp-image-839\" title=\"Jim Irwin Fiesta\" src=\"https:\/\/www.mmamm.net\/wordpress\/wp-content\/uploads\/401096_217767361652346_100002572515590_399002_1636318187_n2-212x300.jpg\" alt=\"\" width=\"212\" height=\"300\" srcset=\"https:\/\/www.mmamm.net\/wordpress\/wp-content\/uploads\/401096_217767361652346_100002572515590_399002_1636318187_n2-212x300.jpg 212w, https:\/\/www.mmamm.net\/wordpress\/wp-content\/uploads\/401096_217767361652346_100002572515590_399002_1636318187_n2.jpg 679w\" sizes=\"(max-width: 212px) 100vw, 212px\" \/><\/a><\/p>\n<p style=\"text-align: justify;\">&nbsp;<\/p>\n","protected":false},"excerpt":{"rendered":"<p>El pr\u00f3ximo viernes Microsonidos se toma un descanso (el s\u00e1bado regresa con la actuaci\u00f3n de Maga y The Crime), pero la actividad de conciertos no para en la sala 12&amp;medio. Aprovechando el hueco libre, cuatro grupos murcianos se han unido para montar una fiesta dedicada al astronauta Jim Irwin. \u00bfQu\u00e9 qui\u00e9n es Jim Irwin? Pues [&hellip;]<\/p>\n","protected":false},"author":1,"featured_media":0,"comment_status":"open","ping_status":"open","sticky":false,"template":"","format":"standard","meta":[],"categories":[4,25],"tags":[374,376,372,288,45,377,375,378,373],"_links":{"self":[{"href":"https:\/\/www.mmamm.net\/index.php\/wp-json\/wp\/v2\/posts\/836"}],"collection":[{"href":"https:\/\/www.mmamm.net\/index.php\/wp-json\/wp\/v2\/posts"}],"about":[{"href":"https:\/\/www.mmamm.net\/index.php\/wp-json\/wp\/v2\/types\/post"}],"author":[{"embeddable":true,"href":"https:\/\/www.mmamm.net\/index.php\/wp-json\/wp\/v2\/users\/1"}],"replies":[{"embeddable":true,"href":"https:\/\/www.mmamm.net\/index.php\/wp-json\/wp\/v2\/comments?post=836"}],"version-history":[{"count":0,"href":"https:\/\/www.mmamm.net\/index.php\/wp-json\/wp\/v2\/posts\/836\/revisions"}],"wp:attachment":[{"href":"https:\/\/www.mmamm.net\/index.php\/wp-json\/wp\/v2\/media?parent=836"}],"wp:term":[{"taxonomy":"category","embeddable":true,"href":"https:\/\/www.mmamm.net\/index.php\/wp-json\/wp\/v2\/categories?post=836"},{"taxonomy":"post_tag","embeddable":true,"href":"https:\/\/www.mmamm.net\/index.php\/wp-json\/wp\/v2\/tags?post=836"}],"curies":[{"name":"wp","href":"https:\/\/api.w.org\/{rel}","templated":true}]}}