{"id":789,"date":"2012-01-24T16:25:00","date_gmt":"2012-01-24T15:25:00","guid":{"rendered":"http:\/\/www.mmamm.net\/wordpress\/?p=789"},"modified":"2012-01-28T12:09:36","modified_gmt":"2012-01-28T11:09:36","slug":"entrevista-paco-larrosa-microsonidos","status":"publish","type":"post","link":"https:\/\/www.mmamm.net\/index.php\/2012\/01\/24\/entrevista-paco-larrosa-microsonidos\/","title":{"rendered":"Entrevista: Paco Larrosa (Microsonidos)"},"content":{"rendered":"<p style=\"text-align: justify;\"><em>El pr\u00f3ximo viernes arranca la quinta edici\u00f3n de <a href=\"https:\/\/www.facebook.com\/Microsonidos\" target=\"_blank\" class=\"broken_link\">Microsonidos<\/a>, la\u00a0Muestra Internacional de M\u00fasica Alternativa\u00a0organizada por la sala\u00a0<a href=\"http:\/\/www.12ymedio.com\/\" target=\"_blank\" class=\"broken_link\">12&amp;medio<\/a>. Entre el 27 de enero y el 28 de abril la sala murciana acoge las actuaciones de <a href=\"https:\/\/www.mmamm.net\/wordpress\/index.php\/2012\/01\/17\/microsonidos-presenta\/\" target=\"_blank\">una selecta representaci\u00f3n<\/a> de artistas tanto nacionales como internacionales, entre los que podemos destacar nombres como Josele Santiago, Jonathan Richman, BMX Bandits, Josh Rouse, Damien Jurado, Maga o los escogidos para encabezar la velada de apertura, El Columpio Asesino. A tres d\u00edas de la inauguraci\u00f3n, nos cuenta sus impresiones Paco Larrosa, director del festival y copropietario de la sala.<\/em><\/p>\n<p style=\"text-align: justify;\">&nbsp;<\/p>\n<p style=\"text-align: justify;\"><strong>El a\u00f1o pasado estuvo en el aire la celebraci\u00f3n de <a href=\"https:\/\/www.facebook.com\/Microsonidos\" target=\"_blank\" class=\"broken_link\">Microsonidos<\/a> hasta casi el \u00faltimo momento. A pesar de las dificultades, la muestra ha tenido continuidad y ahora llega la quinta edici\u00f3n, en la que, admirablemente, se mantiene la gran calidad del cartel de la muestra. \u00bfC\u00f3mo se queda uno despu\u00e9s de dar a conocer una programaci\u00f3n as\u00ed?<\/strong><br \/>\nBueno, realmente no podemos decir exactamente que la pasada edici\u00f3n estuvo en el  aire. Aunque si es verdad que se tard\u00f3 much\u00edsimo en poder confirmar que se har\u00eda. Sencillamente pasaba y pasaba el tiempo y no pod\u00edamos dar por hecho que los patrocinadores habituales siguieran interesados en colaborar. Lo malo de aquel retraso fue que se tuvo que hacer todo a marchas forzadas, y sobre todo que a esas alturas ya hab\u00edamos tenido que cancelar muchos grupos que ten\u00edamos apalabrados desde hac\u00eda meses por no poderles confirmar a tiempo la celebraci\u00f3n del ciclo. Este a\u00f1o, por el contrario, se ha trabajado con mucha m\u00e1s calma y sobre todo con mucho m\u00e1s tiempo. Creo que se nota en el cartel. \u00bfQu\u00e9 c\u00f3mo se queda uno tras anunciar esta programaci\u00f3n? Pues la verdad es que estamos muy satisfechos, pero visto desde dentro uno siempre piensa que se pudo hacer mejor y casi se lamenta m\u00e1s de todo lo que se ha quedado en el aire que de lo conseguido.<\/p>\n<p style=\"text-align: justify;\">&nbsp;<\/p>\n<p style=\"text-align: justify;\"><strong>Debido a los recortes, ya en la pasada edici\u00f3n se tuvo que reducir en gran medida el n\u00famero de conciertos gratuitos. Este a\u00f1o ocurre lo mismo. \u00bfEn qu\u00e9 medida se not\u00f3 este cambio en la respuesta del p\u00fablico?<\/strong><br \/>\nEvidentemente no es lo mismo el gratis total que tener que pagar y algo s\u00ed que se not\u00f3. Pasamos de unos 7.000 asistentes en el acumulado de la edici\u00f3n 2010 a algo menos de 6.000 en la pasada edici\u00f3n. Si te soy sincero nosotros mismos esper\u00e1bamos que se iba a notar a\u00fan m\u00e1s. Para esta edici\u00f3n decidimos que ya que habr\u00eda que pagar entrada en la mayor\u00eda de los casos, merec\u00eda la pena optar por un mayor n\u00famero de artistas de renombre aunque eso significara incrementar un poco el precio de las entradas. Como te dec\u00eda antes, el poder disponer de m\u00e1s tiempo para confeccionar el cartel es lo que nos ha abierto esta posibilidad. A\u00fan as\u00ed el precio sigue siendo muy econ\u00f3mico. Teniendo en cuenta todo el calendario el precio medio de la entrada anticipada resulta por debajo de 7 euros y en taquilla por debajo de 9. Ahora falta ver la respuesta del p\u00fablico, pero de momento parece que se ha aceptado muy bien y estamos muy contentos con la buenas cr\u00edticas recibidas desde todas partes.<\/p>\n<p style=\"text-align: justify;\">&nbsp;<\/p>\n<p style=\"text-align: justify;\"><strong>Ante las peticiones de la gente, hab\u00e9is sacado una tirada limitada de abonos especiales para el ciclo. Me parece que van a volar&#8230; \u00bfno?<\/strong><br \/>\nSe trata de una  tirada muy reducida, pensando sobre todo en el p\u00fablico m\u00e1s fiel de Microsonidos. La idea de hacer un abono para todo el ciclo es pr\u00e1cticamente impensable por la extensi\u00f3n y por la variedad de grupos. No creemos que haya casi nadie \u201cen su sano juicio\u201d que est\u00e9 dispuesto a ir a todos los conciertos, y adem\u00e1s un abono para todo el ciclo, por muy barato que se pusiera, terminar\u00eda teniendo un precio casi de macrofestival. A \u00faltima hora y atendiendo a algunas peticiones se ha optado por hacer un abono parcial en el que uno puede elegir los conciertos que m\u00e1s le apetecen benefici\u00e1ndose de un descuento considerable. Se trata de un pase para 7 d\u00edas, a elegir, en el que va impresa una lista con todos los conciertos de pago a los que se puede acceder. Cada vez que se utiliza ese pase se tacha de la lista el concierto en cuesti\u00f3n y cuando se llega al s\u00e9ptimo se agota el abono. De esta manera la opci\u00f3n de ir a todos los conciertos a precio de abono tambi\u00e9n sigue siendo posible comprando dos abonos, pero as\u00ed nadie se ve obligado a pagar por todo el ciclo cuando realmente s\u00f3lo le interesan unos cuantos conciertos.<\/p>\n<p style=\"text-align: justify;\">&nbsp;<\/p>\n<p style=\"text-align: justify;\"><strong>El Columpio Asesino, grupo que ya ha pasado por <a href=\"https:\/\/www.facebook.com\/Microsonidos\" target=\"_blank\" class=\"broken_link\">Microsonidos<\/a>, encabeza el cartel de la primera noche de esta quinta edici\u00f3n, el pr\u00f3ximo viernes. Ha sido sin duda una de las bandas del 2011. \u00bfHa sido casualidad o hab\u00e9is querido empezar a lo grande?<\/strong><br \/>\nNo. No ha sido casualidad. Mejor disco del a\u00f1o en casi toda la prensa especializada y a\u00fan sigue siendo un grupo relativamente minoritario como para caber en una sala de 200 personas sin tener que dejar una multitud en la calle. Necesit\u00e1bamos algo as\u00ed para inaugurar y la respuesta era evidente \u00bfBlanco y en botella&#8230;?<\/p>\n<p style=\"text-align: justify;\">&nbsp;<\/p>\n<p style=\"text-align: justify;\"><strong>En la edici\u00f3n de 2011 naci\u00f3 el formato Carpet Show y se repite en esta nueva edici\u00f3n de la muestra. Va camino de convertirse en un cl\u00e1sico de la programaci\u00f3n de la sala este tipo de conciertos en los que los asistentes pueden disfrutar de cena\/aperitivo previo, \u00bfno?<\/strong><br \/>\nLos Carpet Shows nacieron como una soluci\u00f3n para poder hacer cierto tipo de conciertos m\u00e1s tranquilos en un ambiente m\u00e1s adecuado. La respuesta fue muy buena y de hecho se han seguido haciendo casi peri\u00f3dicamente durante el resto de la temporada. Desde entonces hemos tenido peticiones de grupos que quer\u00edan venir a la sala en este formato y a ra\u00edz de eso nos hemos visto obligados a reinventarlo, porque pretend\u00edan mantener la idea tal cual pero ampliando el aforo a 200 personas. Esto es imposible, porque precisamente para tener la comodidad necesaria los Carpet Shows se restringen a unas 100 personas. De ah\u00ed naci\u00f3 la idea del Carpet Show Style, que ya estrenamos la pasada temporada con Luis Albert (L.A.). Es pr\u00e1cticamente el mismo formato, pero en vez de cena se sirve un peque\u00f1o aperitivo a los primeros asistentes y se reduce un poco la zona enmoquetada. Lamentablemente ni tenemos los medios ni el espacio f\u00edsico para servir una cena adecuada para tanta gente con una m\u00ednima comodidad. En este formato podremos ver por ejemplo los conciertos de Jonathan Richman, Damien Jurado, Josele Santiago y puede que alguno m\u00e1s.<\/p>\n<p style=\"text-align: justify;\">&nbsp;<\/p>\n<p style=\"text-align: justify;\"><strong>Otra novedad incorporada el a\u00f1o pasado que se repite en esta edici\u00f3n, al menos en una de las fechas programadas, son los minifestivales acoplados&#8230;<\/strong><br \/>\nNo es una de nuestras premisas a la hora de organizar la programaci\u00f3n, pero s\u00ed es cierto que en buena medida intentamos que el cartel de cada noche tenga algo de sentido. De ah\u00ed surgi\u00f3 la idea de colaborar con otros peque\u00f1os festivales o colectivos ofreci\u00e9ndoles la posibilidad de programar a su gusto alguna noche. Ya se hizo en pasadas ediciones con Aloud o el a\u00f1o pasado con el Cutre Yey\u00e9 y el Rated Fest. Este a\u00f1o la colaboraci\u00f3n viene de parte de El Planeta Amarillo.<\/p>\n<p style=\"text-align: justify;\">&nbsp;<\/p>\n<p style=\"text-align: justify;\"><strong>Como cada a\u00f1o, con la programaci\u00f3n de <a href=\"https:\/\/www.facebook.com\/Microsonidos\" target=\"_blank\" class=\"broken_link\">Microsonidos<\/a> he descubierto varias bandas cuyos conciertos ya he marcado como fijos en mi agenda. Como mel\u00f3mano, aparte de programador, \u00bfqu\u00e9 bandas crees que pueden ser las grandes sorpresas de este a\u00f1o?<\/strong><br \/>\nEspero no perderme ninguno, pero tengo marcados algunos que probablemente para muchos no sean los d\u00edas que m\u00e1s llaman la atenci\u00f3n. En mi agenda est\u00e1n en rojo Nat Baldwin, Gruff Rhyss -ambos en formato Carpet Show-, Radio Moscow y BMX Bandits, que vienen expresamente desde Glasgow s\u00f3lo para Microsonidos.<\/p>\n<p style=\"text-align: justify;\">&nbsp;<\/p>\n<p style=\"text-align: justify;\"><strong>En todos los conciertos (o casi) hay representaci\u00f3n de grupos regionales. Desde su puesta en marcha\u00a0<a href=\"https:\/\/www.facebook.com\/Microsonidos\" target=\"_blank\" class=\"broken_link\">Microsonidos<\/a> ha servido para que muchos grupos murcianos debuten en directo e incluso para el nacimiento de nuevos proyectos formados por los m\u00fasicos m\u00e1s inquietos de la Regi\u00f3n. \u00bfTenemos este a\u00f1o alguno de estos proyectos en el cartel?<\/strong><br \/>\nEste a\u00f1o hay concretamente dos de esos proyectos. Abriendo la noche de Nat Baldwin estar\u00e1n Ren\u00e9andthemusic, bajo cuyo nombre se esconde Antonio Ren\u00e9, violinista que suele colaborar en los discos de Second y que har\u00e1 su primera actuaci\u00f3n en directo con alguna colaboraci\u00f3n rec\u00edproca de gente de los propios Second. El otro proyecto es la reuni\u00f3n, por primera vez en un escenario, de Alfonso Schwarz y Jaume Pantale\u00f3n (Atleta, ex 12Twelve). Algo que suelen hacer en privado pero que por primera vez, y no sabemos si por \u00faltima, se podr\u00e1 ver en p\u00fablico.<\/p>\n<p style=\"text-align: justify;\">&nbsp;<\/p>\n<p style=\"text-align: justify;\"><strong>Aparte de la fiesta final, \u00bfos hab\u00e9is guardado alguna sorpresa en la rec\u00e1mara o ten\u00e9is previsto ampliar la programaci\u00f3n? En cuanto a la fiesta final, \u00bfcu\u00e1ndo tendremos noticias al respecto?<\/strong><br \/>\nEn principio est\u00e1 todo cerrado, pero nunca renunciamos a ampliar algo la programaci\u00f3n. Otros a\u00f1os as\u00ed ha sido. Adem\u00e1s durante esos meses la sala mantiene una programaci\u00f3n al margen de Microsonidos en la que estar\u00e1n grupos como Diamond Dogs, The Brew, Fuzztones o Del Tonos.<br \/>\nLa fiesta final a\u00fan es una sorpresa incluso para nosotros mismos. De momento seguimos trabajando en ello y esperamos que si finalmente se consigue hacer tal como nos gustar\u00eda sea un buen cierre para esta edici\u00f3n.<\/p>\n<p style=\"text-align: justify;\">&nbsp;<\/p>\n<p style=\"text-align: justify;\"><strong>Para terminar, dentro de las posibilidades reales, para el futuro, \u00bfhay alg\u00fan grupo que no haya pasado por la sala 12&amp;medio al que le tengas unas ganas especiales (porque se haya quedado fuera in extremis o lleves detr\u00e1s de ellos bastante tiempo)?<\/strong><br \/>\nHay much\u00edsimos, y en concreto este a\u00f1o se nos han ca\u00eddo del estante unos cuantos que intentaremos recuperar en el futuro dentro o fuera de Microsonidos. Pero de ese tema mejor no hablar. Ya sabes que cuanto m\u00e1s se desea algo y m\u00e1s se pide m\u00e1s cuesta conseguirlo.<\/p>\n<p style=\"text-align: justify;\">&nbsp;<\/p>\n<p><a rel=\"attachment wp-att-791\" href=\"https:\/\/www.mmamm.net\/wordpress\/index.php\/2012\/01\/24\/entrevista-paco-larrosa-microsonidos\/403770_10150601131057938_249678282937_10930704_304306080_n-2\/\"><img decoding=\"async\" loading=\"lazy\" class=\"size-full wp-image-791 aligncenter\" title=\"Microsonidos - El Columpio Asesino\" src=\"https:\/\/www.mmamm.net\/wordpress\/wp-content\/uploads\/403770_10150601131057938_249678282937_10930704_304306080_n1.jpg\" alt=\"\" width=\"496\" height=\"640\" srcset=\"https:\/\/www.mmamm.net\/wordpress\/wp-content\/uploads\/403770_10150601131057938_249678282937_10930704_304306080_n1.jpg 744w, https:\/\/www.mmamm.net\/wordpress\/wp-content\/uploads\/403770_10150601131057938_249678282937_10930704_304306080_n1-232x300.jpg 232w\" sizes=\"(max-width: 496px) 100vw, 496px\" \/><\/a><\/p>\n<p style=\"text-align: center;\">&nbsp;<\/p>\n","protected":false},"excerpt":{"rendered":"<p>El pr\u00f3ximo viernes arranca la quinta edici\u00f3n de Microsonidos, la\u00a0Muestra Internacional de M\u00fasica Alternativa\u00a0organizada por la sala\u00a012&amp;medio. Entre el 27 de enero y el 28 de abril la sala murciana acoge las actuaciones de una selecta representaci\u00f3n de artistas tanto nacionales como internacionales, entre los que podemos destacar nombres como Josele Santiago, Jonathan Richman, BMX [&hellip;]<\/p>\n","protected":false},"author":1,"featured_media":0,"comment_status":"open","ping_status":"open","sticky":false,"template":"","format":"standard","meta":[],"categories":[4,25,23],"tags":[113,284,300,288,299],"_links":{"self":[{"href":"https:\/\/www.mmamm.net\/index.php\/wp-json\/wp\/v2\/posts\/789"}],"collection":[{"href":"https:\/\/www.mmamm.net\/index.php\/wp-json\/wp\/v2\/posts"}],"about":[{"href":"https:\/\/www.mmamm.net\/index.php\/wp-json\/wp\/v2\/types\/post"}],"author":[{"embeddable":true,"href":"https:\/\/www.mmamm.net\/index.php\/wp-json\/wp\/v2\/users\/1"}],"replies":[{"embeddable":true,"href":"https:\/\/www.mmamm.net\/index.php\/wp-json\/wp\/v2\/comments?post=789"}],"version-history":[{"count":0,"href":"https:\/\/www.mmamm.net\/index.php\/wp-json\/wp\/v2\/posts\/789\/revisions"}],"wp:attachment":[{"href":"https:\/\/www.mmamm.net\/index.php\/wp-json\/wp\/v2\/media?parent=789"}],"wp:term":[{"taxonomy":"category","embeddable":true,"href":"https:\/\/www.mmamm.net\/index.php\/wp-json\/wp\/v2\/categories?post=789"},{"taxonomy":"post_tag","embeddable":true,"href":"https:\/\/www.mmamm.net\/index.php\/wp-json\/wp\/v2\/tags?post=789"}],"curies":[{"name":"wp","href":"https:\/\/api.w.org\/{rel}","templated":true}]}}