{"id":489,"date":"2011-12-21T18:14:06","date_gmt":"2011-12-21T17:14:06","guid":{"rendered":"http:\/\/www.mmamm.net\/wordpress\/?p=489"},"modified":"2016-03-16T14:19:41","modified_gmt":"2016-03-16T12:19:41","slug":"primeras-confirmaciones-del-festival-sos-4-8-2012","status":"publish","type":"post","link":"https:\/\/www.mmamm.net\/index.php\/2011\/12\/21\/primeras-confirmaciones-del-festival-sos-4-8-2012\/","title":{"rendered":"Primeras confirmaciones del festival SOS 4.8 2012"},"content":{"rendered":"<p style=\"text-align: justify;\">Ayer se present\u00f3 en rueda de prensa en la Consejer\u00eda de Cultura y Turismo de la Regi\u00f3n de Murcia la pr\u00f3xima edici\u00f3n del <a href=\"http:\/\/www.sos48.com\" target=\"_blank\">Estrella Levante SOS 4.8<\/a>. El festival murciano, que alcanza en 2012 su quinta edici\u00f3n, se celebra los d\u00edas 4 y 5 de mayo en el habitual Recinto Ferial de La Fica.<\/p>\n<p style=\"text-align: justify;\">&nbsp;<\/p>\n<p style=\"text-align: justify;\">Despu\u00e9s de varias semanas en las que se han ido adelantando a trav\u00e9s de las cuentas oficiales del festival en Facebook y <a href=\"http:\/\/www.twitter.com\/sos48festival\" target=\"_blank\" class=\"broken_link\">Twitter<\/a> algunos de los artistas que participar\u00e1n, mediante adivinanzas bastante evidentes, se dieron a conocer las principales novedades que se incorporan a las actividades del festival en 2012 y se anunciaron las primeras confirmaciones para esta quinta edici\u00f3n, que como cada a\u00f1o cuenta con tres \u00e1reas delimitas de M\u00fasica, Arte y Voces. 23 grupos musicales, 9 artistas y 6 ponentes forman el amplio listado inicial de este SOS 4.8, que\u00a0tiene como tem\u00e1tica las <strong>series de televisi\u00f3n<\/strong> en\u00a0sus secciones Mustang Arte y Voces y como comisario de las mismas al escritor y periodista\u00a0Jordi Costa. En cuanto al cartel de M\u00fasica, como siempre se divide en 4 escenarios: Estrella Levante, Jag\u00ebrmeister, Auditorio y SOS Club. Adem\u00e1s, como en otras ediciones, dispondr\u00e1 de una zona de acampada de la que en breve se dar\u00e1 m\u00e1s informaci\u00f3n.<\/p>\n<p style=\"text-align: justify;\">&nbsp;<\/p>\n<p style=\"text-align: justify;\">Antes  de anunciar las novedades, los organizadores mostraron su solidaridad con las  v\u00edctimas y afectados por el terremoto del  pasado\u00a011 de mayo en Lorca.\u00a0 Como ya hicieran el pasado 30 de junio, fecha en la que se celebr\u00f3 un  concierto ben\u00e9fico en el Auditorio de Murcia, la direcci\u00f3n del <a href=\"http:\/\/www.sos48.com\/\" target=\"_blank\">Estrella Levante SOS 4.8<\/a> ha programado una serie de medidas solidarias. Durante la celebraci\u00f3n del festival se coordinar\u00e1 una  recogida de dinero para los afectados, todos los residentes de Lorca  podr\u00e1n comprar su abono al 50% y desplazarse de Lorca hasta el festival en autobuses gratuitos e incluso alguno de los grupos que participan en esta nueva edici\u00f3n realizar\u00e1n un concierto en la Ciudad del Sol en fecha por definir a\u00fan.<\/p>\n<p>&nbsp;<\/p>\n<p style=\"text-align: justify;\">Entre las novedades de esta edici\u00f3n destacan dos iniciativas que alargan la duraci\u00f3n del festival m\u00e1s all\u00e1 de las tradicionales 48 horas que hasta ahora lo caracterizaban: SOS&amp;DOCS y POP UP SOS. En la misma l\u00ednea, se amplia el horario del <em>Aperitivo SOS<\/em> (conciertos gratuitos en la c\u00e9ntrica Plaza de las Flores) hasta el domingo 6 de mayo por la tarde. SOS&amp;DOCS, de la mano del festival <a href=\"http:\/\/www.in-edit.beefeater.es\" target=\"_blank\" class=\"broken_link\">Beefeater In-Edit<\/a>, trae a la <a href=\"http:\/\/www.filmotecamurcia.com\" target=\"_blank\">Filmoteca Regional de Murcia<\/a> una selecci\u00f3n de 10 documentales musicales desde el   jueves 26 de abril y  hasta el 3 de mayo. Esta previsto que en febrero se anuncie la programaci\u00f3n de esta muestra. En cuanto a POP UP SOS<em>, <\/em>tambi\u00e9n durante esa semana previa, consiste en la apertura anticipada y gratuita de la exposici\u00f3n de la secci\u00f3n Mustang Arte del festival.<\/p>\n<p style=\"text-align: justify;\">&nbsp;<\/p>\n<p style=\"text-align: justify;\">Por otra parte, SOS  PRO, una de las novedades de la pasada edici\u00f3n junto a Aperitivo SOS, tambi\u00e9n amplia sus actividades. Adem\u00e1s de las conferencias, mesas redondas, showcases y otras actividades ya presentes en su primera edici\u00f3n, este encuentro profesional incorpora una novedad, SOS AVENUE. Durante la noche del jueves 3 de mayo tanto los   profesionales como todas aquellas personas que lo deseen podr\u00e1n asistir a diversos   showcases gratuitos de bandas locales en la calle Mariano de Rojas, la \u00abavenida musical\u00bb de la ciudad de Murcia.<\/p>\n<p style=\"text-align: justify;\">&nbsp;<\/p>\n<p style=\"text-align: justify;\">Como \u00faltima novedad, acorde con la tem\u00e1tica general de este a\u00f1o, se anunci\u00f3 la creaci\u00f3n del primer concurso de series online Sos 4.8, que se une a los concursos de bandas TalentoSOS \/ murciarock.com, que se lanzan en marzo y cuya final se disputa en abril. Igual que el concurso musical premia a dos grupos, uno nacional y otro regional, con 1.500 euros para cada uno y la actuaci\u00f3n en el el SOS4.8 2012, as\u00ed como una importante cobertura promocional por parte de los medios colaboradores, el ganador de este concurso, que \u00abb<em>usca encontrar el mejor talento en un formato cada vez m\u00e1s complejo y aceptado como es el de las series online<\/em>\u00ab, recibir\u00e1 1.500 euros y la participaci\u00f3n en la secci\u00f3n Voces del festival.<\/p>\n<p>&nbsp;<\/p>\n<p style=\"text-align: justify;\">Llegado el momento de anunciar los artistas que forman parte del cartel de esta quinta edici\u00f3n, al contrario que otras ediciones previas en las que se fue desgranando el cartel poco a poco, este a\u00f1o la direcci\u00f3n del SOS 4.8 ha decidido dar a conocer de golpe el grueso de artistas contratados Durante los meses de enero, febrero y marzo iremos conociendo los nombres que completar\u00e1n el cartel, as\u00ed como los DJs del SOS Club, pero ya tenemos una idea manifiesta de c\u00f3mo ser\u00e1 este SOS 4.8 2012:<\/p>\n<p style=\"text-align: justify;\">&nbsp;<\/p>\n<p style=\"text-align: justify;\"><strong>SECCI\u00d3N MUSTANG ARTE<\/strong><br \/>\nFragmentada en c\u00e1psulas  aut\u00f3nomas, evocando distintas  referencias gen\u00e9ricas del mundo de la  ficci\u00f3n televisiva.\u00a0 Un recorrido a trav\u00e9s de \u00ab<em>espacios  relacionados con una serie de conceptos y  su g\u00e9nero televisivo m\u00e1s  directamente relacionado con ellos: miedo  (terror), violencia  (thriller), imaginaci\u00f3n (ciencia-ficci\u00f3n), risa  (comedia), etc<\/em>\u00ab<strong>. <\/strong>Entre los artistas ya confirmados se encuentran Pablo Bellot,\u00a0Equipo Museo Coconut (Muchachada Nui),\u00a0Jonathan Mill\u00e1n,\u00a0Miguel Noguera, Eugenio Merino, Artemio Narro, Rub\u00e9n Garz\u00e1s, Efr\u00e9n \u00c1lvarez o \u00a0Mar\u00eda Ca\u00f1as.<\/p>\n<p>&nbsp;<\/p>\n<p style=\"text-align: justify;\"><strong>SECCI\u00d3N VOCES<\/strong><br \/>\nCon Rodrigo Fres\u00e1n,\u00a0Fran Benavente,\u00a0Juan Francisco Ferr\u00e9,\u00a0Eduardo Gal\u00e1n,\u00a0Venga Monjas y\u00a0Pioneros del Siglo XXI ya confirmados, las conferencias abordar\u00e1n varios de los temas  abiertos en  el planteamiento general de esta edici\u00f3n del festival SOS  4.8, tanto en formato individual como en mesas redondas.<\/p>\n<p style=\"text-align: justify;\">&nbsp;<\/p>\n<div style=\"text-align: justify;\">\n<p style=\"text-align: justify;\"><strong>SECCI\u00d3N M\u00daSICA: GRUPOS INTERNACIONALES<br \/>\n<\/strong>Frente a las ediciones previas, en las que contaron con artistas de mayor calado medi\u00e1tico, como Suede, Keane, Duffy, Franz Ferdinand, Kaiser Chiefs, Editors, Babyshambles, Prodigy o Chemical Brothers, este a\u00f1o parece que se apuesta por grupos de sobrada calidad y gran reputaci\u00f3n como The Flaming Lips, Mogwai, Matthew Herbert o The Magnetic Fields o una de las nuevas sensaciones de la escena indie internacional, Yuck, pero seguramente con un menos tir\u00f3n comercial que los presentes en a\u00f1os anteriores. Por las reacciones vistas en las redes sociales tras el anuncio de estos primeros confirmados, Gossip y The Kills, los te\u00f3ricos cabeza de cartel, no responden a las expectativas de aquellos espectadores ansiosos de bandas \u00abgrandes\u00bb en el cartel del festival murciano. As\u00ed que a\u00fan es posible que sorprendan con alg\u00fan \u00abbombazo\u00bb de \u00faltima hora antes de dar por cerrado el cartel. Tambi\u00e9n es de esperar alguna confirmaci\u00f3n m\u00e1s en el terreno \u00abbailable\u00bb, algo de electr\u00f3nica o alg\u00fan grupo que se una a Friendly Fires, Cansei de Ser Sexy y Buraka Som Sistema como representantes de la m\u00fasica m\u00e1s cadenciosa.<\/p>\n<p><strong> <\/strong><\/p>\n<p>&nbsp;<\/p>\n<p style=\"text-align: justify;\"><strong>SECCI\u00d3N M\u00daSICA: GRUPOS NACIONALES<\/strong><br \/>\nCon Love of Lesbian, que repiten actuaci\u00f3n en el festival, como principal reclamo en el apartado de bandas nacionales, esta edici\u00f3n del SOS 4.8 cuenta con la relativa sorpresa de la inclusi\u00f3n de Kiko Veneno (relativa porque ya actu\u00f3 en el festival ben\u00e9fico por Lorca de junio y tambi\u00e9n form\u00f3 parte del FIB hace algunos a\u00f1os). Despu\u00e9s del \u00e9xito de Lori Meyers, que junto a Vetusta Morla fueron los representantes estatales entre los cabeza de cartel de la edici\u00f3n de 2011, se puede esperar alg\u00fan nombre m\u00e1s de esa cada vez m\u00e1s nutrida lista de bandas de nuestro pa\u00eds a medio camino entre el indie y el mainstream entre las futuras confirmaciones. No obstante, entre el resto de confirmaciones nacionales encontramos \u00ab<em>lo m\u00e1s granado de la escena nacional<\/em>\u00ab, artistas como Nacho Vegas, Grupo de Expertos Solynieve, The New Raemon, Bigott, Ant\u00f2nia Font, La Estrella de David o The Zombie Kids (el \u00fanico grupo de electr\u00f3nica confirmado hasta el momento), que ocupar\u00e1n con toda seguridad puestos importantes en las listas de mejores discos del 2011 de los medios especializados. Adem\u00e1s, el cartel musical de esta quinta edici\u00f3n cuenta con la presencia de dos propuestas bastante especiales: el proyecto conjunto de Ra\u00fcl Fern\u00e1ndez (Refree) &amp; Enric Montefusco (Standstill) y el espect\u00e1culo de Miqui Puig y la Original Jazz Orquest. Dos citas que deben estar destinadas a la programaci\u00f3n del festival en el escenario del Auditorio.<\/p>\n<p><strong><br \/>\n<\/strong><\/p>\n<p style=\"text-align: justify;\"><strong>SECCI\u00d3N M\u00daSICA: GRUPOS REGIONALES<\/strong><strong><br \/>\n<\/strong>De momento Klaus&amp;Kinski, que ya actuaron en la edici\u00f3n 2009, y Parade son los \u00fanicos grupos murcianos confirmados. Teniendo en cuenta que es un festival organizado por la Consejer\u00eda de Cultura y Turismo de la Regi\u00f3n de Murcia y la experiencia de a\u00f1os anteriores, en los que han actuado Second, Alondra Bentley, The Leadings, Los \u00daltimos Ba\u00f1istas, Varry Brava, Lidia Damunt o Ross, entre otros, es de esperar (y de desear) que entre las pr\u00f3ximas confirmaciones se encuentren varias bandas murcianas, solucionando esta eventual escasez de representantes locales. Adem\u00e1s, los showcases de SOS AVENUE est\u00e1n dedicados exclusivamente a bandas regionales. Es muy probable que encontremos en el cartel definitivo a alguno de los citados repitiendo participaci\u00f3n o a bandas como Neuman o Analogic, que ya participaron en los showcases de SOS PRO en la \u00faltima edici\u00f3n, repartidos entre showcases, conciertos de Aperitivo SOS y los escenarios del recinto principal. Igualmente, hay que recordar que est\u00e1 garantizada la presencia del ganador del concurso murciarock.com para grupos de la Regi\u00f3n de Murcia.<\/p>\n<p style=\"text-align: justify;\">&nbsp;<\/p>\n<p style=\"text-align: justify;\">Parece ser que, a pesar de la falta de ese medi\u00e1tico cabeza de cartel  internacional que se reclama por parte de algunas personas en las redes  sociales, la acogida de esta nueva edici\u00f3n  fue buena en las horas  posteriores a la rueda de prensa. De hecho, la  web del festival qued\u00f3  colapsada poco tiempo despu\u00e9s de la misma y se ha  mantenido as\u00ed hasta  esta ma\u00f1ana. Sin una sola confirmaci\u00f3n ya se hab\u00edan vendido 8.000 abonos a 39,99 euros (y otros 500 a 29,99 euros en una promoci\u00f3n inicial). Este precio, una vez conocido este amplio adelanto del cartel, se mantuvo hasta las 12 de la noche, pudi\u00e9ndose adquirir los abonos en <a href=\"http:\/\/www.entradas.com\" target=\"_blank\" class=\"broken_link\">Entradas.com<\/a> y <a href=\"http:\/\/www.atrapalo.com\/\" target=\"_blank\">Atrapalo.com<\/a>. A partir de hoy y hasta el 23 de enero de 2012 el precio de los abonos,  que se pueden adquirir en las mismas plataformas ya mencionadas, es de  49,99 euros.<\/p>\n<\/div>\n<p style=\"text-align: justify;\">&nbsp;<\/p>\n<p style=\"text-align: justify;\">Ahora s\u00f3lo falta esperar a que vayan llegando las \u00faltimas confirmaciones y que se anuncie la programaci\u00f3n de SOS&amp;DOC, a ver si cae alguna sorpresa agradable m\u00e1s. No obstante, no s\u00e9 si por necesidad (desconozco el presupuesto) o por convicci\u00f3n, pero parece que se ha dado un peque\u00f1o giro en el planteamiento del festival en su apartado musical, que en general, puestos a elegir, se apuesta m\u00e1s por la solera que por la popularidad, aunque sigue habiendo de todo un poco. A m\u00ed personalmente me agrada este cambio. Entiendo la postura de los que ven en \u00e9l un paso atr\u00e1s para el festival y reclaman algo m\u00e1s \u00abgordo\u00bb en el cartel, a la vista de las confirmaciones de otros festivales como BBK Live (Radiohead) o FIB (Stone Roses), pero yo siempre ser\u00e9 m\u00e1s partidario de bandas como The Flaming Lips o Mogwai que de la mayor\u00eda que han sido cabeza de cartel en las ediciones previas. Adem\u00e1s, desde mi punto de vista, esta primera muestra del cartel  presenta un festival que se adapta a las  infraestructuras y dimensiones  de un recinto limitado como el de La Fica. A determinadas horas de la noche ver un concierto c\u00f3modamente en el escenario Jag\u00ebrmeister, el peque\u00f1o, se puede convertir en algo complicado si no se mantiene un equilibrio entre bandas \u00abgrandes\u00bb y \u00abmedianas\u00bb. Por \u00faltimo, llegue o no el \u00abbombazo\u00bb del que hablaba m\u00e1s arriba, creo que es evidente que el SOS 4.8, con todo lo que ofrece musical y extramusicalmente (y este a\u00f1o m\u00e1s a\u00fan), es un festival con una muy buena relaci\u00f3n calidad\/precio.<\/p>\n<p style=\"text-align: justify;\">&nbsp;<\/p>\n<p style=\"text-align: center;\"><a rel=\"attachment wp-att-519\" href=\"https:\/\/www.mmamm.net\/index.php\/2011\/12\/21\/primeras-confirmaciones-del-festival-sos-4-8-2012\/397993_10150418675847060_186055787059_8784411_268534810_n\/\"><img decoding=\"async\" loading=\"lazy\" class=\"size-full wp-image-519\" title=\"397993_10150418675847060_186055787059_8784411_268534810_n\" src=\"https:\/\/www.mmamm.net\/wordpress\/wp-content\/uploads\/397993_10150418675847060_186055787059_8784411_268534810_n.jpg\" alt=\"\" width=\"508\" height=\"720\" srcset=\"https:\/\/www.mmamm.net\/wordpress\/wp-content\/uploads\/397993_10150418675847060_186055787059_8784411_268534810_n.jpg 508w, https:\/\/www.mmamm.net\/wordpress\/wp-content\/uploads\/397993_10150418675847060_186055787059_8784411_268534810_n-211x300.jpg 211w\" sizes=\"(max-width: 508px) 100vw, 508px\" \/><\/a><\/p>\n<p>&nbsp;<\/p>\n","protected":false},"excerpt":{"rendered":"<p>Ayer se present\u00f3 en rueda de prensa en la Consejer\u00eda de Cultura y Turismo de la Regi\u00f3n de Murcia la pr\u00f3xima edici\u00f3n del Estrella Levante SOS 4.8. El festival murciano, que alcanza en 2012 su quinta edici\u00f3n, se celebra los d\u00edas 4 y 5 de mayo en el habitual Recinto Ferial de La Fica. &nbsp; [&hellip;]<\/p>\n","protected":false},"author":1,"featured_media":0,"comment_status":"open","ping_status":"open","sticky":false,"template":"","format":"standard","meta":[],"categories":[4,59],"tags":[933,932,210,231],"_links":{"self":[{"href":"https:\/\/www.mmamm.net\/index.php\/wp-json\/wp\/v2\/posts\/489"}],"collection":[{"href":"https:\/\/www.mmamm.net\/index.php\/wp-json\/wp\/v2\/posts"}],"about":[{"href":"https:\/\/www.mmamm.net\/index.php\/wp-json\/wp\/v2\/types\/post"}],"author":[{"embeddable":true,"href":"https:\/\/www.mmamm.net\/index.php\/wp-json\/wp\/v2\/users\/1"}],"replies":[{"embeddable":true,"href":"https:\/\/www.mmamm.net\/index.php\/wp-json\/wp\/v2\/comments?post=489"}],"version-history":[{"count":0,"href":"https:\/\/www.mmamm.net\/index.php\/wp-json\/wp\/v2\/posts\/489\/revisions"}],"wp:attachment":[{"href":"https:\/\/www.mmamm.net\/index.php\/wp-json\/wp\/v2\/media?parent=489"}],"wp:term":[{"taxonomy":"category","embeddable":true,"href":"https:\/\/www.mmamm.net\/index.php\/wp-json\/wp\/v2\/categories?post=489"},{"taxonomy":"post_tag","embeddable":true,"href":"https:\/\/www.mmamm.net\/index.php\/wp-json\/wp\/v2\/tags?post=489"}],"curies":[{"name":"wp","href":"https:\/\/api.w.org\/{rel}","templated":true}]}}