{"id":1566,"date":"2024-03-13T15:32:17","date_gmt":"2024-03-13T13:32:17","guid":{"rendered":"https:\/\/www.mmamm.net\/?p=1566"},"modified":"2024-03-13T15:33:27","modified_gmt":"2024-03-13T13:33:27","slug":"mourn-la-amistad-es-el-poder-que-nos-mueve","status":"publish","type":"post","link":"https:\/\/www.mmamm.net\/index.php\/2024\/03\/13\/mourn-la-amistad-es-el-poder-que-nos-mueve\/","title":{"rendered":"Mourn: \u00abLa amistad es el poder que nos mueve\u00bb"},"content":{"rendered":"<p style=\"text-align: justify;\">Tras una larga etapa con Captured Tracks y varias publicaciones co-editadas por Subterfuge, para la publicaci\u00f3n de su nuevo disco Mourn se estrena con Montgr\u00ed y Cielos Estrellados, dos sellos ideales para la banda barcelonesa. Despu\u00e9s de publicar su predecesor, \u2018Self Worth\u2019, en plena pandemia (octubre de 2020), este se ha demorado m\u00e1s de lo que nos ten\u00edan acostumbrados, algo totalmente razonable en un sector en el que adem\u00e1s ya se suelen dilatar los plazos en condiciones normales. Pero \u2018The Avoider\u2019, el quinto disco en una extensa carrera que completan una mixtape y cuatro singles\/EPs, ya est\u00e1 aqu\u00ed. Aprovecho el inicio de la gira de presentaci\u00f3n para hacerles unas cuantas preguntas\u2026<\/p>\n<p><img decoding=\"async\" loading=\"lazy\" class=\"alignnone wp-image-3220 size-full aligncenter\" src=\"https:\/\/www.mmamm.net\/timpanosyluciernagas\/wordpress\/wp-content\/uploads\/2024\/03\/MOURN_PromoFotos-08-1-scaled-e1710335821409.jpg\" alt=\"\" width=\"600\" height=\"480\"><\/p>\n<p style=\"text-align: justify;\"><strong>Montgr\u00ed y Cielos Estrellados son sellos en los que encaj\u00e1is de forma evidente y con bandas que resultan bastante afines a la vuestra como Yawners, Tiburona, Los Manises, Biznaga o Cala Vento por un lado y Elvira, La Joya o The New Raemon por otro. \u00bfC\u00f3mo ha sido este proceso de cambio de discogr\u00e1ficas?<\/strong><strong><br \/>\n<\/strong>Siempre hemos buscado trabajar con personas con las que nos entendamos. No s\u00f3lo en lo creativo si no tambi\u00e9n en lo personal. Para nosotras es muy importante tener poder de decisi\u00f3n en el proceso y poder definir el camino de la banda. Ahora mismo con Montgr\u00ed y Cielos Estrellados es un lujazo porque nos entendemos en todos los niveles.<\/p>\n<p style=\"text-align: justify;\"><strong>A pesar de vuestra juventud, vuestra trayectoria es ya larga (desde 2013) y no exenta de cambios importantes e incluso considerables contratiempos. Echando la vista atr\u00e1s, \u00bfcre\u00e9is que ahora tomar\u00edais decisiones distintas a las del pasado en situaciones similares?<\/strong><strong><br \/>\n<\/strong>Puede ser. La perspectiva y la experiencia que tenemos ahora es distinta. Pero, aun as\u00ed, echamos la vista atr\u00e1s y estamos en nuestro mejor momento como grupo. Confiamos en el proceso y en nuestra m\u00fasica.<\/p>\n<p style=\"text-align: justify;\"><strong>Vuestro anterior disco se public\u00f3 en plena pandemia. Dadas las circunstancias vividas, m\u00e1s que los aspectos t\u00e9cnicos y organizativos relacionados con este nuevo trabajo, me interesa conocer el creativo. \u00bfC\u00f3mo cre\u00e9is que ha afectado, sea positiva o negativamente, todo lo vivido en estos a\u00f1os pasados a vuestra creatividad como banda y de forma individual?<\/strong><strong><br \/>\n<\/strong>La pandemia y la situaci\u00f3n vivida a nivel global dej\u00f3 muchas situaciones dif\u00edciles y nos tomamos el tiempo de recuperarnos tanto en lo personal como en lo creativo. Creo que nos ha afectado a todes de maneras distintas, pero como grupo actualmente podemos decir que hemos conseguido estar en un punto casi como en 2019, antes de toda esta pesadilla.<\/p>\n<p style=\"text-align: justify;\"><strong>Revisando los cr\u00e9ditos de este disco y los de otras referencias de vuestros sellos, me encuentro con nombres de personas que me resultan bastante familiares. Hablemos de referentes y fuentes de inspiraci\u00f3n, de la influencia que ha supuesto para vosotras tener tan cerca a una anterior generaci\u00f3n de artistas y de profesionales del sector musical en general\u2026<\/strong><strong><br \/>\n<\/strong>Tenemos mucha suerte de poder grabar con Santi Garc\u00eda y hacer los masters de nuestros discos con su hermano Victor Garc\u00eda. No s\u00f3lo nos flipa su trabajo en el estudio sino tambi\u00e9n sus carreras encima del escenario. \u00a1No deja de ser una gran inspiraci\u00f3n la movida de Sant Feliu!<\/p>\n<p style=\"text-align: justify;\"><strong>Hay quien afirma que todo el proceso creativo de una obra es algo terap\u00e9utico. Por otra parte, el artista, al mostrarse ante un p\u00fablico, debe enfrentarse a determinadas incertidumbres y a la impredecible valoraci\u00f3n del mismo. \u00bfC\u00f3mo gestion\u00e1is Mourn esa oposici\u00f3n entre la intimidad de la creaci\u00f3n y la exposici\u00f3n p\u00fablica de su resultado tanto en formato discogr\u00e1fico como en su puesta en escena?<\/strong><br \/>\nEs muy liberador, la verdad. Una vez salen las canciones y las tocas en el escenario, puedes dejar ir todo aquello que te hab\u00edas guardado dentro. Es emocionante, nost\u00e1lgico y te emocionas pero siempre desde un punto muy guay de poder haber construido algo que disfrutas de sentimientos y situaciones m\u00e1s complicadas.<\/p>\n<p style=\"text-align: justify;\"><strong>El primer single del disco, &#8216;Could be friends&#8217;, y la que le da t\u00edtulo, &#8216;The Avoider&#8217;, hablan de momentos complicados, pero a la vez lanzan un mensaje esperanzador. \u00abSe puede interpretar de muchas maneras. Cada uno tiene su versi\u00f3n de la amistad\u00bb, dice Jazz en una entrevista para MondoSonoro. La m\u00eda es que la existencia y mantenimiento de los lazos afectivos es importante, pero sin dejar de lado la flexibilidad, la empat\u00eda o la honestidad. \u00bfQu\u00e9 opin\u00e1is al respecto?<\/strong><br \/>\nQuerer a alguien es entender y respetar a esa persona en todos sus procesos, tiempos y situaciones. Siento que la amistad es el poder que mueve a MOURN. Es importante para nosotres darnos apoyo y estar ah\u00ed las unes para las otres.<\/p>\n<p style=\"text-align: justify;\"><strong>Se dice que a las nuevas generaciones no les interesan los cl\u00e1sicos, pero vosotras, lejos de esconder vuestro gusto por la m\u00fasica de los 80 y los 90, publicasteis una mixtape con versiones de H\u00fcsker D\u00fc, The Replacements, Come, Echo and the Bunnymen, dEUS o The Cure. No obstante, supongo que no sois impermeables a las nuevas tendencias. \u00bfC\u00f3mo se combina esta dualidad en vuestra vida cotidiana, como consumidoras, pero tambi\u00e9n como creadoras?<\/strong><strong><br \/>\n<\/strong>Escuchamos mucha m\u00fasica, tanto actual como de otras \u00e9pocas. De alguna forma, los sonidos que vamos descubriendo nos generan curiosidad y sin quererlo lo plasmamos a la hora de crear m\u00fasica. No creo que a la gente joven no le interesen los cl\u00e1sicos, estamos s\u00faper conectades y seguimos compartiendo mucha m\u00fasica.<\/p>\n<p style=\"text-align: justify;\"><strong>Desarrollando la pregunta anterior, una pregunta recurrente en esta casa: \u00bfQu\u00e9 grupos actuales os gustar\u00eda recomendar para quien quiera tomar nota?<\/strong><br \/>\nMannequin Pussy, Little Simz, Ulrika Spacek, Uma, Cleo Sol\u2026<\/p>\n<p style=\"text-align: justify;\"><strong>Para terminar, hablemos de conciertos. Acab\u00e1is de empezar la gira de presentaci\u00f3n, con el concierto de celebraci\u00f3n del 5\u00ba aniversario de Montgr\u00ed en Barcelona y ten\u00e9is bastantes fechas por salas en los pr\u00f3ximos meses. \u00bfC\u00f3mo se presenta la temporada veraniega marcada por los festivales?<br \/>\n<\/strong>Se presenta con muchas ganas de verano, de carretera y de disfrute por los festis.<strong>&nbsp;<\/strong><\/p>\n<p><strong>Mourn estar\u00e1n actuando en:<\/strong><strong><br \/>\n<\/strong><strong>14 de marzo @ Sala El Sol, Madrid<\/strong><strong><br \/>\n<\/strong><strong>MONTGR\u00cd PRESENTA. 5\u00ba ANIVERSARIO <\/strong><strong>(+ Dan Peralbo i el Comboi + Tiburona DJs + Artista Sorpresa)<\/strong><strong><br \/>\n<\/strong><strong>15 de marzo @ La Yeser\u00eda (Murcia) <\/strong><strong>(+ La 126)<br \/>\n<\/strong><strong>17 de marzo @ Sala Planta Baja (Granada)<br \/>\n<\/strong><strong>11 de abril @ 16 Toneladas (Valencia)<br \/>\n<\/strong><strong>23 de mayo @ La Lata de Bombillas (Zaragoza)<\/strong><\/p>\n","protected":false},"excerpt":{"rendered":"<p>Tras una larga etapa con Captured Tracks y varias publicaciones co-editadas por Subterfuge, para la publicaci\u00f3n de su nuevo disco Mourn se estrena con Montgr\u00ed y Cielos Estrellados, dos sellos ideales para la banda barcelonesa. Despu\u00e9s de publicar su predecesor, \u2018Self Worth\u2019, en plena pandemia (octubre de 2020), este se ha demorado m\u00e1s de lo [&hellip;]<\/p>\n","protected":false},"author":1,"featured_media":0,"comment_status":"open","ping_status":"open","sticky":false,"template":"","format":"standard","meta":[],"categories":[4,23],"tags":[957],"_links":{"self":[{"href":"https:\/\/www.mmamm.net\/index.php\/wp-json\/wp\/v2\/posts\/1566"}],"collection":[{"href":"https:\/\/www.mmamm.net\/index.php\/wp-json\/wp\/v2\/posts"}],"about":[{"href":"https:\/\/www.mmamm.net\/index.php\/wp-json\/wp\/v2\/types\/post"}],"author":[{"embeddable":true,"href":"https:\/\/www.mmamm.net\/index.php\/wp-json\/wp\/v2\/users\/1"}],"replies":[{"embeddable":true,"href":"https:\/\/www.mmamm.net\/index.php\/wp-json\/wp\/v2\/comments?post=1566"}],"version-history":[{"count":3,"href":"https:\/\/www.mmamm.net\/index.php\/wp-json\/wp\/v2\/posts\/1566\/revisions"}],"predecessor-version":[{"id":1569,"href":"https:\/\/www.mmamm.net\/index.php\/wp-json\/wp\/v2\/posts\/1566\/revisions\/1569"}],"wp:attachment":[{"href":"https:\/\/www.mmamm.net\/index.php\/wp-json\/wp\/v2\/media?parent=1566"}],"wp:term":[{"taxonomy":"category","embeddable":true,"href":"https:\/\/www.mmamm.net\/index.php\/wp-json\/wp\/v2\/categories?post=1566"},{"taxonomy":"post_tag","embeddable":true,"href":"https:\/\/www.mmamm.net\/index.php\/wp-json\/wp\/v2\/tags?post=1566"}],"curies":[{"name":"wp","href":"https:\/\/api.w.org\/{rel}","templated":true}]}}