{"id":1522,"date":"2023-04-26T21:52:37","date_gmt":"2023-04-26T19:52:37","guid":{"rendered":"https:\/\/www.mmamm.net\/?p=1522"},"modified":"2023-04-27T10:14:11","modified_gmt":"2023-04-27T08:14:11","slug":"cromo-sabemos-quienes-somos-y-lo-que-queremos","status":"publish","type":"post","link":"https:\/\/www.mmamm.net\/index.php\/2023\/04\/26\/cromo-sabemos-quienes-somos-y-lo-que-queremos\/","title":{"rendered":"Cromo: \u00abSabemos qui\u00e9nes somos y lo que queremos\u00bb"},"content":{"rendered":"<p style=\"text-align: justify;\">Junto a bandas como Volga, Yakuzza, Haren, Yugoslavia, Barrio Dinamita, Decadencia o Estrago, <a href=\"https:\/\/cromopunk.bandcamp.com\/\" target=\"_blank\" rel=\"noopener\">Cromo<\/a> forman parte de la actual escena punk del sureste peninsular, tomando el relevo de otras como Nueva Generaci\u00f3n, Sabotaje o Tumefactum, que durante la d\u00e9cada pasada marcaron el camino y de las que Vane, Manu y Guille formaron parte por separado. En funcionamiento desde 2019, con la idea de hacer del punk algo m\u00e1s sencillo que costumbre, se han convertido en una banda habitual en salas y espacios autogestionados de todo el estado. La f\u00f3rmula es sencilla, a pesar de las circunstancias: tranquilidad, amistad y sensatez.<\/p>\n<p><img decoding=\"async\" loading=\"lazy\" class=\"aligncenter size-full wp-image-3162\" src=\"https:\/\/www.mmamm.net\/timpanosyluciernagas\/wordpress\/wp-content\/uploads\/2023\/04\/1682531497407.jpg\" alt=\"\" width=\"791\" height=\"791\" \/><\/p>\n<p class=\"has-text-align-justify\" style=\"text-align: justify;\"><strong>Acab\u00e1is de publicar una nueva canci\u00f3n. Seg\u00fan los planes anunciados, esto es un adelanto de vuestro primer LP. \u00bfHay ya una fecha, aunque sea aproximada, para marcar en nuestro calendario?<\/strong><br \/>\nA\u00fan no tenemos una fecha exacta, depende de varios factores y algunos de ellos no dependen enteramente de nosotras. Hace unos pocos d\u00edas hemos acabado de grabarlo, por lo que creemos y queremos que sea para este oto\u00f1o. Octubre ser\u00eda lo ideal. De todas formas si esto no sucede as\u00ed, ser\u00e1 poco m\u00e1s adelante.<\/p>\n<p style=\"text-align: justify;\"><strong>Segu\u00eds trabajando con Grabaciones Vistabella al menos en el formato digital, pero ahora que toca publicar un disco en formato f\u00edsico, imagino que os habr\u00e1 tocado embarcar a unos cuantos sellos para la edici\u00f3n, como es costumbre en estos tiempos y como ya ocurri\u00f3 con el 7&#8243;. \u00bfPodemos saber a cargo de que sellos correr\u00e1 la publicaci\u00f3n de este pr\u00f3ximo LP?<\/strong><br \/>\nA d\u00eda de hoy tenemos bastante claro como nos gustar\u00eda editar la edici\u00f3n en f\u00edsico, hemos iniciado algunas conversaciones, pero no tenemos nada cerrado de momento.<\/p>\n<p style=\"text-align: justify;\"><strong>Este nuevo tema viene presentado por un videoclip animado realizado por Sr. Kruel, quien ya os hizo por iniciativa propia un v\u00eddeo de una canci\u00f3n de vuestro 7&#8243;. Me gustar\u00eda que nos contarais algo m\u00e1s sobre este asunto y en general sobre vuestra relaci\u00f3n con la escena underground de ilustradores de nuestra tierra, porque tambi\u00e9n hab\u00e9is trabajado con gente como Rata Sat\u00e1n o Nasty Franky\u2026<\/strong><br \/>\nCon todos ellos nos une una relaci\u00f3n de amistad, adem\u00e1s de que son unas m\u00e1quinas en lo suyo. Su trabajo nos flipa y es completamente compatible con la banda.<br \/>\nSr. Kruel ya nos sorprendi\u00f3 con el clip de &#8216;Aprieta el bot\u00f3n&#8217; y ahora hemos preparado &#8216;El Hombre que vivi\u00f3 como un gusano&#8217;.<br \/>\nSe ha currado un pedazo de v\u00eddeo que nos reafirma en que era una movida de la que se ten\u00eda que encargar \u00e9l. Ha sabido captar al vuelo lo que quer\u00edamos transmitir con el tema y estamos muy contentos con el resultado.<\/p>\n<p style=\"text-align: justify;\"><strong>Como con &#8216;En otro lugar&#8217;, hab\u00e9is grabado con Marco Velasco en El Miradoor. \u00bfQu\u00e9 os aporta trabajar en un entorno como el de este estudio a nivel creativo?<\/strong><br \/>\nNos gusta mucho ir para all\u00e1 por la comodidad y la naturalidad con la que se hace el proceso de grabaci\u00f3n. Aunque acudimos a El Miradoor con los temas muy trabajados y perfilados a nivel creativo, all\u00ed todo son facilidades. Trabajar con Marco es muy sencillo, ya que est\u00e1 bastante pendiente de todo el proceso de grabaci\u00f3n, aportando de forma muy natural cuando es necesario.<br \/>\nAdem\u00e1s, el estudio est\u00e1 en un entorno bastante guapo, que te permite desconectar de la grabaci\u00f3n ya sea peg\u00e1ndote unos largos en la piscina, tom\u00e1ndote unas birras o ech\u00e1ndote una partida al Street Fighter.<br \/>\nAl final la suma de todo esto se refleja en el resultado final.<\/p>\n<p><center><iframe loading=\"lazy\" title=\"YouTube video player\" src=\"https:\/\/www.youtube.com\/embed\/ib6g7mPibxw\" width=\"560\" height=\"315\" frameborder=\"0\" allowfullscreen=\"allowfullscreen\"><\/iframe><\/center><\/p>\n<p style=\"text-align: justify;\"><strong>Entre el 7&#8243; y este LP, tambi\u00e9n grabasteis algunas canciones en formato anal\u00f3gico con Pablo Ruiz, otro productor de referencia en la actualidad en nuestra escena punk, a los mandos (una propia y una versi\u00f3n de Par\u00e1lisis Permanente). \u00bfFormar\u00e1n parte de este LP o se quedar\u00e1n en edici\u00f3n digital exclusivamente? \u00bfQu\u00e9 tal la experiencia de grabar en este formato?<\/strong><br \/>\nEso de momento se quedar\u00e1 en digital, aunque s\u00ed hemos regrabado un tema de esa sesi\u00f3n que no se lleg\u00f3 a editar. La experiencia fue bastante guay.<br \/>\nPablo por esa \u00e9poca no ten\u00eda sitio fijo para el estudio y con la suerte de ser vecinos de local de ensayo nos montamos un buen chiringuito para sacar los temas adelante.\u00a0Es otro t\u00edo bastante m\u00e1quina que nos pill\u00f3 al vuelo y se curra muy chill con \u00e9l.<\/p>\n<p style=\"text-align: justify;\"><strong>Hablando de versiones, en los extra\u00f1os tiempos de la pandemia sorprendisteis en redes sociales con una versi\u00f3n de Ataque de caspa, que aunque era habitual en vuestro repertorio, en este caso ven\u00eda presentada con un giro estil\u00edstico y alg\u00fan cambio de roles. \u00bfOs hab\u00e9is planteado repetir con otras canciones que se alejen del formato de tr\u00edo power punk?<\/strong><br \/>\nEs una cosa que s\u00ed hemos hablado alguna vez y que nos gustar\u00eda hacer. Lo que pasa que al final el tiempo que podemos dedicar a la banda es el que es y tenemos que priorizar.<\/p>\n<p style=\"text-align: justify;\"><strong>Desde hace un tiempo no viv\u00eds en la misma ciudad y dec\u00eds que eso hace que todo vaya m\u00e1s despacio. A pesar de ello, est\u00e1is haciendo pr\u00e1cticamente un concierto al mes y por lugares de toda la pen\u00ednsula, que no es poco precisamente. Supongo que aquello de tomarse las cosas con tranquilidad y hacer el punk m\u00e1s sencillo que de costumbre como filosof\u00eda ayuda a que las cosas fluyan mejor\u2026<\/strong><br \/>\nTambi\u00e9n ayuda mucho tener las cosas claras. Sabemos qui\u00e9nes somos: tres colegas; sabemos lo que queremos: pasarlo bien; y tambi\u00e9n sabemos c\u00f3mo: haciendo algo decente y sin palmar pasta o el m\u00ednimo posible. Es verdad que el ritmo ahora es m\u00e1s tranquilo, aunque de puertas para afuera no se note tanto. Pero s\u00ed que hay muchas cosas que nos gustar\u00eda hacer y estamos diciendo que no porque es f\u00edsicamente imposible.<\/p>\n<p style=\"text-align: justify;\"><strong>El pr\u00f3ximo viernes vais a compartir escenario con Oki Moki, grupo al que os he visto elogiar en redes sociales de forma recurrente. Aprovecho la ocasi\u00f3n para una de las preguntas cl\u00e1sicas de este sitio: \u00bfQu\u00e9 grupos actuales os gustar\u00eda recomendar para quien quiera tomar nota?<\/strong><br \/>\n<strong>Guille:<\/strong> Sin dar m\u00e1s vueltas, dos que he visto hace poco en directo: MIAU! y Enemic Interior.<br \/>\n<strong>Manu:<\/strong> Ternura y el que estoy escuchando ahora mismo, Dark Thoughts.<br \/>\n<strong>Vane:<\/strong> Miss Espa\u00f1a, Colisi\u00f3n y Decadencia.<\/p>\n<p style=\"text-align: justify;\"><strong>El concierto es en Kasablanka, un espacio muy necesario, m\u00e1s si cabe tras la p\u00e9rdida de El Retal. Personal y creativamente, \u00bfc\u00f3mo os ha influenciado la existencia de espacios autogestionados como estos y el DIY?<\/strong><br \/>\nB\u00e1sicamente podemos decir que somos quienes somos y nuestros proyectos funcionan como funcionan en base a filosof\u00edas y espacios como estos. Con Cromo nos lo propusieron varias veces, pero por fechas nunca pudimos tocar en El Retal. Una pena, la verdad&#8230;<br \/>\nLos tres hemos tocado y participado con otras movidas en este espacio. Nos parece una p\u00e9rdida bastante grande a nivel pol\u00edtico y cultural en la Regi\u00f3n. El \u00fanico consuelo es que quedan lugares como Kasablanka.<\/p>\n<p style=\"text-align: justify;\"><strong>En el pasado hab\u00e9is formado parte dede\u00a0 bandas como Nueva generaci\u00f3n, Sabotaje o Tumefactum. Quiz\u00e1s sea mi percepci\u00f3n, pero para m\u00ed est\u00e1s bandas y sus inicios fueron, para el underground local, como una m\u00e1quina que desbroza los caminos. \u00bfQu\u00e9 recuerdo guard\u00e1is de aquellos a\u00f1os?<\/strong><br \/>\nEsa combinaci\u00f3n de bandas junto a muchas otras que surgieron en ese momento, junto a la actividad del Retal y el esfuerzo de muchas personas m\u00e1s, fueron importantes para revitalizar una etapa bastante guay en Murcia que a\u00fan contin\u00faa.<br \/>\nRecuerdos, bastante buenos todos, pero sobre todo pudimos crear una red muy efectiva y s\u00f3lida fuera de Murcia que en algunos casos llega a lo personal.<\/p>\n<p style=\"text-align: justify;\"><strong>Para terminar, algo importante: \u00bfSab\u00e9is si ahora mismo est\u00e1 abierto el bar de enfrente de la iglesia? Es para un amigo\u2026<\/strong><br \/>\nNo lo sabemos seguro, pero s\u00ed que a partir de las 19 horas da sombra en la terraza.<\/p>\n<p>Cromo estar\u00e1n actuando pr\u00f3ximamente en:<br \/>\n<strong>MURCIA @ CSO Kasablanka. Viernes 28 de abril. + <\/strong>Oki Moki<br \/>\n<strong>MADRID @ Sala Starving. TurboJugend Madrid Party Vol. 4. S\u00e1bado 20 de mayo. + <\/strong>Zoketes<\/p>\n<p><!-- \/wp:paragraph --><\/p>\n","protected":false},"excerpt":{"rendered":"<p>Junto a bandas como Volga, Yakuzza, Haren, Yugoslavia, Barrio Dinamita, Decadencia o Estrago, Cromo forman parte de la actual escena punk del sureste peninsular, tomando el relevo de otras como Nueva Generaci\u00f3n, Sabotaje o Tumefactum, que durante la d\u00e9cada pasada marcaron el camino y de las que Vane, Manu y Guille formaron parte por separado. [&hellip;]<\/p>\n","protected":false},"author":1,"featured_media":0,"comment_status":"open","ping_status":"open","sticky":false,"template":"","format":"standard","meta":[],"categories":[4,23],"tags":[895],"_links":{"self":[{"href":"https:\/\/www.mmamm.net\/index.php\/wp-json\/wp\/v2\/posts\/1522"}],"collection":[{"href":"https:\/\/www.mmamm.net\/index.php\/wp-json\/wp\/v2\/posts"}],"about":[{"href":"https:\/\/www.mmamm.net\/index.php\/wp-json\/wp\/v2\/types\/post"}],"author":[{"embeddable":true,"href":"https:\/\/www.mmamm.net\/index.php\/wp-json\/wp\/v2\/users\/1"}],"replies":[{"embeddable":true,"href":"https:\/\/www.mmamm.net\/index.php\/wp-json\/wp\/v2\/comments?post=1522"}],"version-history":[{"count":3,"href":"https:\/\/www.mmamm.net\/index.php\/wp-json\/wp\/v2\/posts\/1522\/revisions"}],"predecessor-version":[{"id":1525,"href":"https:\/\/www.mmamm.net\/index.php\/wp-json\/wp\/v2\/posts\/1522\/revisions\/1525"}],"wp:attachment":[{"href":"https:\/\/www.mmamm.net\/index.php\/wp-json\/wp\/v2\/media?parent=1522"}],"wp:term":[{"taxonomy":"category","embeddable":true,"href":"https:\/\/www.mmamm.net\/index.php\/wp-json\/wp\/v2\/categories?post=1522"},{"taxonomy":"post_tag","embeddable":true,"href":"https:\/\/www.mmamm.net\/index.php\/wp-json\/wp\/v2\/tags?post=1522"}],"curies":[{"name":"wp","href":"https:\/\/api.w.org\/{rel}","templated":true}]}}