{"id":1428,"date":"2022-11-30T23:54:37","date_gmt":"2022-11-30T21:54:37","guid":{"rendered":"http:\/\/www.mmamm.net\/?p=1428"},"modified":"2022-12-13T00:01:45","modified_gmt":"2022-12-12T22:01:45","slug":"the-golden-lips-somos-una-banda-pequena-que-toca-alto-y-rapido","status":"publish","type":"post","link":"https:\/\/www.mmamm.net\/index.php\/2022\/11\/30\/the-golden-lips-somos-una-banda-pequena-que-toca-alto-y-rapido\/","title":{"rendered":"The Golden Lips: \u00abSomos una banda peque\u00f1a que toca alto y r\u00e1pido\u00bb"},"content":{"rendered":"<p style=\"text-align: justify;\">El pasado viernes se publicaba &#8216;<a href=\"https:\/\/thegoldenlips.bandcamp.com\/album\/gifts-and-rewards\" target=\"_blank\">Gifts And Rewards<\/a>&#8216;, segundo EP de The Golden Lips. Para celebrar el lanzamiento, el grupo murciano ofreci\u00f3 un peque\u00f1o concierto en el escaparate de un c\u00e9ntrico espacio de coworking de nuestra ciudad, en el que interpretaron las cuatro canciones de este nuevo trabajo. Aprovecho la ocasi\u00f3n para lanzarle unas cuantas preguntas a Joaqu\u00edn S\u00e1nchez Ba\u00edllo, vocalista y guitarrista de la banda.<\/p>\n<p>&nbsp;<\/p>\n<p style=\"text-align: justify;\"><strong><a href=\"https:\/\/www.mmamm.net\/timpanosyluciernagas\/wordpress\/wp-content\/uploads\/2022\/11\/1669828797744.jpg\"><img decoding=\"async\" loading=\"lazy\" class=\"aligncenter size-full wp-image-2959\" title=\"1669828797744\" src=\"https:\/\/www.mmamm.net\/timpanosyluciernagas\/wordpress\/wp-content\/uploads\/2022\/11\/1669828797744.jpg\" alt=\"\" width=\"480\" height=\"672\" \/><\/a><\/strong><\/p>\n<p>&nbsp;<\/p>\n<p style=\"text-align: justify;\"><strong>Se podr\u00eda decir que estamos lejos de la idea socialmente aceptada del triunfo, pero algunos persistimos en esto de la m\u00fasica. \u00bfPor qu\u00e9 crees que nos seguimos metiendo en estos jaleos?<\/strong><br \/>\nEsto es lo que nos gusta, siempre ha sido as\u00ed. Si has estado en bandas, fanzines y cosas por el estilo desde siempre y lo has disfrutado, lo m\u00e1s probable es que quieras seguir implicado en esas actividades y proyectos.<\/p>\n<p>&nbsp;<\/p>\n<p style=\"text-align: justify;\"><strong>\u00bfQu\u00e9 parte crees que hay de necesidad de evasi\u00f3n, de expresarse o de satisfacer el ego en esto?<\/strong><br \/>\nPor los dem\u00e1s no puedo hablar pero yo soy de los que creen que el que no se sienta un dios, que no se suba al escenario. Eso en el escenario, despu\u00e9s m\u00e1s te vale ser humilde. No s\u00e9 qu\u00e9 decirte. Yo, personalmente, si no me quisiera expresar, divertirme, evadirme y pavonearme un rato haciendo lo que hago, creo que me dedicar\u00eda a otra cosa. A pintar enanos de jard\u00edn, por ejemplo.<\/p>\n<p>&nbsp;<\/p>\n<p style=\"text-align: justify;\"><strong>Durante los \u00faltimos 30 a\u00f1os he hablado con regularidad sobre la vida en general y sobre la m\u00fasica en particular con vuestro bajista, Quique Hern\u00e1ndez. Virtual, Hoax, Carson Blew, Derrick y ahora The Golden Lips han estado en nuestras conversaciones. Una de las cosas que me llam\u00f3 la atenci\u00f3n recientemente es que, a pesar del paso del tiempo, la idea de pasarlo bien tocando vuestras canciones siga apareciendo de forma natural por delante de muchos otros factores en estas charlas. \u00bfQu\u00e9 peso tiene lo l\u00fadico en este proyecto?<\/strong><br \/>\nLo de pasarlo bien es una forma positiva de afrontar la realidad del proyecto y de la m\u00fasica al nivel al que nosotros nos encontramos. Sin embargo, no es algo tan l\u00fadico porque hay una inversi\u00f3n econ\u00f3mica, de tiempo y unos objetivos que, aunque sea lentamente, vamos consiguiendo. \u00bfEsto es una forma de entretenimiento? Claro, no nos ganamos la vida con ello. \u00bfEs pasar el rato el \u00fanico objetivo de este proyecto? No, para nada. Pero si no lo pas\u00e1ramos bien, entonces mejor ser\u00eda no hacerlo.<\/p>\n<p>&nbsp;<\/p>\n<p style=\"text-align: justify;\"><strong>Aunque parece que cost\u00f3 encontrar una base r\u00edtmica duradera para la banda, \u00bfpodemos afirmar ya que The Golden Lips tiene por fin una formaci\u00f3n estable?<\/strong><br \/>\nS\u00ed, V\u00edctor le ha dado a la banda la estabilidad que necesit\u00e1bamos. Adem\u00e1s, es un bater\u00eda cojonudo y un tipo estupendo que aporta much\u00edsimo al proyecto. Tenemos mucha suerte de contar con \u00e9l.<\/p>\n<p>&nbsp;<\/p>\n<p style=\"text-align: justify;\"><strong>En realidad se sigue vendiendo m\u00e1s m\u00fasica en CD que en vinilo, pero se presentaba este medio como una especie de salvaci\u00f3n de la m\u00fasica en formato f\u00edsico. Hasta que llegaron las grandes compa\u00f1\u00edas y acapararon las cadenas de planchado de discos, con un n\u00famero bastante limitado de f\u00e1bricas dedicadas a ello, haciendo que publicar en vinilo sea caro y se demore demasiado. Vosotros hab\u00e9is apostado por el CD para ambos EP, supongo que en parte por esto que comento, pero no \u00fanicamente, \u00bfno? \u00bfEn qu\u00e9 modo pens\u00e1is que se puede revertir la tendencia en la fabricaci\u00f3n y compra de discos en ambos formatos en este nuevo contexto? \u00bfCre\u00e9is que llegar\u00e1 ese momento tantas veces vaticinado en que desaparezca del todo el formato f\u00edsico para la m\u00fasica?<\/strong><br \/>\nLe\u00ed por Internet, no hace tanto, que tal y como se estaban poniendo las cosas para fabricar vinilos, el formato del futuro para las bandas peque\u00f1as es el CD. A nosotros, desde luego, por nuestra estructura de costes y capacidad de inversi\u00f3n, el CD es lo que podemos hacer ahora mismo. Eso s\u00ed, tengo claro que alg\u00fan d\u00eda sacaremos un vinilo; se valoran mucho m\u00e1s y es un gran formato. Pero tampoco voy a mentir, yo crec\u00ed comprando CDs y me gustan los CDs. Un buen CD suena genial y si se ha cuidado el artwork, puede resultar muy est\u00e9tico. Yo creo que el formato f\u00edsico no va a desaparecer, tiene muchas ventajas y a la gente le gusta tener sus discos favoritos en casa y no solo en la plataforma de turno.<\/p>\n<p>&nbsp;<\/p>\n<p style=\"text-align: justify;\"><strong><a href=\"https:\/\/www.mmamm.net\/timpanosyluciernagas\/wordpress\/wp-content\/uploads\/2022\/11\/1669828797768.jpg\"><img decoding=\"async\" loading=\"lazy\" class=\"aligncenter size-full wp-image-2960\" title=\"1669828797768\" src=\"https:\/\/www.mmamm.net\/timpanosyluciernagas\/wordpress\/wp-content\/uploads\/2022\/11\/1669828797768.jpg\" alt=\"\" width=\"480\" height=\"320\" \/><\/a><\/strong><\/p>\n<p>&nbsp;<\/p>\n<p style=\"text-align: justify;\"><strong>Escogisteis un formato bastante llamativo para presentar el nuevo EP, tocando sus canciones en directo en un escaparate. En la situaci\u00f3n actual, en la que la inmediatez y la exposici\u00f3n p\u00fablica son tan importantes en las nuevas tendencias y en las formas de comunicaci\u00f3n, como profesional del audiovisual adem\u00e1s, \u00bfqu\u00e9 importancia le da The Golden Lips a la imagen?<\/strong><br \/>\nSi miras nuestras fotos o nuestras redes sociales te dar\u00e1s cuenta de que, salvo por los videoclips, no demasiada. Lo de tocar en el escaparate fue una idea que surgi\u00f3 con Murcia Emprendedora y que nos pareci\u00f3 muy divertido para complementar la presentaci\u00f3n del EP, as\u00ed que lo hicimos y la verdad que estuvo muy bien. Repetir\u00edamos sin dudarlo.<\/p>\n<p>&nbsp;<\/p>\n<p style=\"text-align: justify;\"><strong>La noche de la presentaci\u00f3n del nuevo EP comentamos lo dif\u00edcil que resulta a veces para grupos como el vuestro, que se mueve entre estilos muy noventeros como el grunge, el thrash metal o el rock alternativo, encontrar su nicho: grupos con una conexi\u00f3n en cuanto al estilo musical con los que compartir escenario, la atenci\u00f3n de medios especializados o un p\u00fablico persistente para los discos publicados y los conciertos realizados. \u00bfA qu\u00e9 crees que se debe esta situaci\u00f3n?<\/strong><br \/>\nA que son estilos muy de nicho, que no est\u00e1n de moda y que no siempre est\u00e1n muy bien valorados desde el punto de vista art\u00edstico. Suena fatal, pero no creo que me vaya a rebatir nadie. Tampoco vamos a quejarnos demasiado sobre esto, lo sabemos y seguimos hacia delante creando nuestros propios espacios.<\/p>\n<p>&nbsp;<\/p>\n<p style=\"text-align: justify;\"><strong>Tambi\u00e9n aquella noche, junto a nuestro amigo David del festival Satarra, brome\u00e1bamos sobre lo extenso de algunas de vuestras canciones. Realmente, m\u00e1s all\u00e1 de chanzas, a m\u00ed me parece de lo m\u00e1s l\u00f3gico en una banda como la vuestra, dentro de un ejercicio de estilo. No obstante, \u00bfos sent\u00eds tentados en alguna ocasi\u00f3n a adaptar vuestras composiciones a los est\u00e1ndares que se suponen m\u00e1s radiof\u00f3nicos?<\/strong><br \/>\nNo, para nada. Siempre vamos a lo nuestro. Nuestro primer single, de 2017, fue una canci\u00f3n de dos minutos. Y en el anterior EP, todas eran canciones m\u00e1s o menos cortas. Estas \u00faltimas canciones han salido m\u00e1s largas, porque as\u00ed sent\u00edamos que funcionaban. Eso s\u00ed, como curiosidad, te dir\u00e9 que nuestra canci\u00f3n m\u00e1s larga es la que mejor ha funcionado en streaming en t\u00e9rminos de escuchas y playlist. As\u00ed que, a lo mejor\u2026 \u00a1Deber\u00edamos hacerlas a\u00fan m\u00e1s largas!<\/p>\n<p>&nbsp;<\/p>\n<p style=\"text-align: justify;\"><strong>Observando la foto grupal del p\u00fablico de la presentaci\u00f3n, es evidente que en general somos gente que tenemos ya una edad. Desde muchos medios se martillea de forma constante con la idea de que a la gente m\u00e1s joven solo le interesan las nuevas tendencias, como si no se pudiera compaginar todo. Es evidente que hay un relevo generacional en el circuito underground y en escenas como la punk, con el post punk como estilo estandarte. \u00bfC\u00f3mo crees que se puede conectar con estas nuevas generaciones?<\/strong><br \/>\nNo lo tengo claro. Tal vez sea imposible, la verdad. Creo que nos tiene que dar igual conectar con una generaci\u00f3n de abuelos, padres o bisnietos. Somos una banda peque\u00f1a que toca alto y r\u00e1pido. Quien se quiera apuntar a eso, ah\u00ed estamos, tenga la edad que tengan. Cualquier otra cosa puede resultar frustrante y poco productiva y, desde luego, es algo muy alejado del prop\u00f3sito de hacer canciones y m\u00fasica que nos llene.<\/p>\n<p>&nbsp;<\/p>\n<p style=\"text-align: justify;\"><strong>El 17 de diciembre volv\u00e9is a tocar en la Sala Spectrum de Murcia. Contadnos algo sobre este y otros conciertos pr\u00f3ximos.<\/strong><br \/>\nEste concierto del 17 de diciembre es la continuaci\u00f3n de uno que hicimos el 14 de diciembre de 2019, repetimos con los amigos de Efecto Lucifer y se suman Absenci, que vienen desde Madrid. Para el a\u00f1o que viene ya tenemos algunas fechas m\u00e1s que anunciaremos dentro de poco pero no te puedo adelantar mucho m\u00e1s.<\/p>\n<p>&nbsp;<\/p>\n<p style=\"text-align: justify;\"><strong>Para terminar la entrevista, un cl\u00e1sico de esta publicaci\u00f3n: \u00bfQu\u00e9 grupos de vuestro entorno (no solo geogr\u00e1fico) os gustar\u00eda recomendar?<\/strong><br \/>\nYo recomendar\u00eda a todos mis colegas pero tampoco es plan. As\u00ed que me ir\u00e9 al extranjero, no s\u00e9 si tienen algo que ver con nosotros pero hay un grupo venezolano llamado Cad\u00e1veres Podridos que es la hostia y que recomiendo a todo el mundo. Y s\u00ed, se llaman as\u00ed.<\/p>\n<p>&nbsp;<\/p>\n<p style=\"text-align: justify;\"><strong>Fotos:<\/strong> Ese Gese<\/p>\n<p>&nbsp;<\/p>\n","protected":false},"excerpt":{"rendered":"<p>El pasado viernes se publicaba &#8216;Gifts And Rewards&#8216;, segundo EP de The Golden Lips. Para celebrar el lanzamiento, el grupo murciano ofreci\u00f3 un peque\u00f1o concierto en el escaparate de un c\u00e9ntrico espacio de coworking de nuestra ciudad, en el que interpretaron las cuatro canciones de este nuevo trabajo. Aprovecho la ocasi\u00f3n para lanzarle unas cuantas [&hellip;]<\/p>\n","protected":false},"author":1,"featured_media":0,"comment_status":"open","ping_status":"open","sticky":false,"template":"","format":"standard","meta":[],"categories":[4,23],"tags":[879],"_links":{"self":[{"href":"https:\/\/www.mmamm.net\/index.php\/wp-json\/wp\/v2\/posts\/1428"}],"collection":[{"href":"https:\/\/www.mmamm.net\/index.php\/wp-json\/wp\/v2\/posts"}],"about":[{"href":"https:\/\/www.mmamm.net\/index.php\/wp-json\/wp\/v2\/types\/post"}],"author":[{"embeddable":true,"href":"https:\/\/www.mmamm.net\/index.php\/wp-json\/wp\/v2\/users\/1"}],"replies":[{"embeddable":true,"href":"https:\/\/www.mmamm.net\/index.php\/wp-json\/wp\/v2\/comments?post=1428"}],"version-history":[{"count":0,"href":"https:\/\/www.mmamm.net\/index.php\/wp-json\/wp\/v2\/posts\/1428\/revisions"}],"wp:attachment":[{"href":"https:\/\/www.mmamm.net\/index.php\/wp-json\/wp\/v2\/media?parent=1428"}],"wp:term":[{"taxonomy":"category","embeddable":true,"href":"https:\/\/www.mmamm.net\/index.php\/wp-json\/wp\/v2\/categories?post=1428"},{"taxonomy":"post_tag","embeddable":true,"href":"https:\/\/www.mmamm.net\/index.php\/wp-json\/wp\/v2\/tags?post=1428"}],"curies":[{"name":"wp","href":"https:\/\/api.w.org\/{rel}","templated":true}]}}