{"id":1418,"date":"2022-10-16T15:52:03","date_gmt":"2022-10-16T13:52:03","guid":{"rendered":"http:\/\/www.mmamm.net\/?p=1418"},"modified":"2022-10-29T16:09:59","modified_gmt":"2022-10-29T14:09:59","slug":"animadora-un-ejercicio-de-honestidad-vehemente","status":"publish","type":"post","link":"https:\/\/www.mmamm.net\/index.php\/2022\/10\/16\/animadora-un-ejercicio-de-honestidad-vehemente\/","title":{"rendered":"ANIMADORA: \u00abUn ejercicio de honestidad vehemente\u00bb"},"content":{"rendered":"<p style=\"text-align: justify;\">Capas, distorsi\u00f3n y reverb en abundancia al servicio de las atm\u00f3sferas envolventes, dando forma a evocadoras canciones de shoegaze cantado en castellano. As\u00ed suena ANIMADORA,\u00a0el nuevo proyecto en solitario de Andrea Podadera, del grupo de Neon October, que nos presenta a continuaci\u00f3n.<\/p>\n<p>&nbsp;<\/p>\n<p style=\"text-align: center;\"><a href=\"https:\/\/www.mmamm.net\/timpanosyluciernagas\/wordpress\/wp-content\/uploads\/2022\/10\/1665946900524.jpg\"><img decoding=\"async\" loading=\"lazy\" class=\"aligncenter size-full wp-image-2936\" title=\"1665946900524\" src=\"https:\/\/www.mmamm.net\/timpanosyluciernagas\/wordpress\/wp-content\/uploads\/2022\/10\/1665946900524.jpg\" alt=\"\" width=\"480\" height=\"600\" \/><\/a><\/p>\n<p>&nbsp;<br \/>\n<strong>Formas parte del grupo Neon October, con un estilo similar al de este nuevo proyecto, pero has decidido lanzarte tambi\u00e9n con esta nueva andadura en solitario. \u00bfQu\u00e9 supone para ti Animadora personal y art\u00edsticamente en este momento?<\/strong><br \/>\nHacemos un estilo similar en cuanto a crear atm\u00f3sfera, el rollo enso\u00f1ador&#8230; pero es m\u00e1s suave. ANIMADORA es un ejercicio de honestidad bastante m\u00e1s vehemente, m\u00e1s bruto, y ha salido con tintes m\u00e1s &#8216;doom&#8217;, en una l\u00ednea m\u00e1s oscura y \u00abagresiva\u00bb. Me apetec\u00eda probar por ah\u00ed y llevaba tiempo queriendo hacer algo diferente; algo m\u00e1s en sinton\u00eda con la yo del presente. Es algo que se ha ido cocinando a fuego lento durante a\u00f1os y que, por alg\u00fan motivo, no me he atrevido a materializar antes. Tambi\u00e9n por todo lo que conlleva representar y representarse en un proyecto exclusivamente propio.<\/p>\n<p>&nbsp;<\/p>\n<p style=\"text-align: justify;\"><strong>En tu presentaci\u00f3n en sociedad hablas de lo visceral, de la pulsi\u00f3n y, en definitiva, de lo necesario de hacer m\u00fasica. Pero a la vez mencionas la nada y la indecisi\u00f3n. \u00bfEn qu\u00e9 momento sentiste que la barrera estaba superada?<\/strong><br \/>\nQu\u00e9 pregunta tan complicada, jajaja&#8230; La verdad que dicho as\u00ed suena a contradicci\u00f3n enorme (que lo es), pero yo s\u00ed siento que esas palabras son compatibles las unas con las otras. Te mencionaba antes lo del ejercicio de honestidad, y al final es un poco eso: sentir \u00abla llamada\u00bb, poner las palabras sobre el papel y echar unas cuantas v\u00edsceras en el proceso. La indecisi\u00f3n es una neblina que convive en mi cabeza y no paga alquiler. Ha estado bien presente todo este tiempo (hacer las canciones, publicarlas o no). Y a la nada, a pesar de ser un espacio vac\u00edo, extra\u00f1o y extenso, tengo mucho que agradecerle (venci\u00f3 a la indecisi\u00f3n). Es el reseteo, el partir del punto 0.<\/p>\n<p>&nbsp;<\/p>\n<p style=\"text-align: justify;\"><strong>El proyecto, aunque sea algo individual en lo creativo, nace con idea de llevar las canciones al directo y as\u00ed ser\u00e1. \u00bfQui\u00e9nes forman tu nueva banda?<\/strong><br \/>\nEstar\u00eda bien llevarlo al directo a lo Planning for Burial, pero est\u00e1 complicado y, la verdad, me gustar\u00eda aparcar por un rato la guitarra y centrarme m\u00e1s en la voz o darle al sinte. As\u00ed que s\u00ed, estoy buscando m\u00fasicos. La idea es replicar, en la medida de lo posible, el sonido de lo que salga del estudio.<\/p>\n<p>&nbsp;<\/p>\n<p style=\"text-align: justify;\"><strong>El debut en directo ser\u00e1 pronto, el 5 de noviembre en el Festichachi, festival de disqueras independientes de Madrid. \u00bfHay m\u00e1s conciertos en breve a la vista?<\/strong><br \/>\nAlguna cosa hay, pero est\u00e1 por confirmar. Veremos qu\u00e9 sale antes de finalizar el a\u00f1o. Para 2023 s\u00ed que espero montar m\u00e1s de un bolo, la verdad.<\/p>\n<p>&nbsp;<\/p>\n<p style=\"text-align: justify;\"><strong>De momento has publicado dos canciones en plataformas, que sirven como adelanto a un pr\u00f3ximo EP. \u00bfCu\u00e1ndo est\u00e1 previsto que se publique? \u00bfRecurres a la autoedici\u00f3n? \u00bfHabr\u00e1 edici\u00f3n f\u00edsica?<\/strong><br \/>\nSi te soy sincera, no tengo una fecha fijada para publicarlo, funciono con un libre albedr\u00edo acojonante. Y por ahora todo en digital. Soy pobre y no puedo costearme una edici\u00f3n en f\u00edsico, jajaja.<\/p>\n<p>&nbsp;<\/p>\n<p style=\"text-align: justify;\"><strong>El tuit fijado en tu cuenta de Twitter es un hilo sobre portadas de gran belleza. Una gran responsabilidad ahora que te toca a ti publicar, \u00bfno?<\/strong><br \/>\nJajajaja, esta pregunta tiene picard\u00eda. Me gusta mucho indagar, coleccionar, clasificar&#8230; el cover art de \u00e1lbumes que me gustan. Pero con lo m\u00edo no sab\u00eda ni por d\u00f3nde empezar. Hay varias ideas en marcha y lo voy a dejar un poco en manos de otros (una amiga, en este caso). Como no hay fecha fijada, tenemos tiempo.<\/p>\n<p>&nbsp;<\/p>\n<p style=\"text-align: justify;\"><strong>Aunque afincada en Madrid, procedes de M\u00e1laga. El otro d\u00eda, gracias a una recomendaci\u00f3n tuya en redes sociales, descubr\u00ed a tus paisanos the only traces left of sunken ships. \u00bfCon qu\u00e9 otros grupos de una parte o de otro, o de cualquier lugar, te sientes hermanada o identificada?<\/strong><br \/>\nTOTLOSS son geniales, vienen a Madrid el 27 de octubre, si no me equivoco. Hay que ir a verles.<br \/>\nEn cuanto a sentirme identificada o hermanada, me es dif\u00edcil responder a esto, no lo he pensado mucho. S\u00e9 hablarte de artistas o iniciativas que me gustan, o toda esa escena subyacente con g\u00e9neros m\u00e1s como el screamo, el hardcore o el punk que se me hace m\u00e1s inclusiva y acogedora.<br \/>\nLo que se hace en CSA Las Vegas, por ejemplo, me parece s\u00faper guay. Llevo mucho sin vivir en M\u00e1laga y, quiz\u00e1s es porque no estoy ah\u00ed y no me llega todo, pero tengo la sensaci\u00f3n de que la pandemia (y otros factores) se han cargado un poco la escena local y el underground. Y CSA intenta mantenerla a flote pese a las dificultades. S\u00ed que creo que son necesarios m\u00e1s espacios as\u00ed, y me siento m\u00e1s parte de ellos que de otros. Sobre todo en mi ciudad.<\/p>\n<p>&nbsp;<\/p>\n<p style=\"text-align: justify;\"><strong>Para acabar, \u00bfcu\u00e1ntas veces al d\u00eda est\u00e1s pensando en alguna canci\u00f3n, propia o ajena, y te dices: yo a esto le meter\u00eda alguna capa m\u00e1s o yo a esto le pon\u00eda m\u00e1s reverb?<\/strong><br \/>\nEs un pensamiento constante con composiciones propias. A veces es dif\u00edcil saber cu\u00e1ndo parar, y te obligas. Lo que s\u00ed me pasa con canciones de otros es que las voy escuchando y, de repente, resuenan elementos en mi cabeza. Entonces entro en las notas de m\u00f3vil y voy escribiendo lo que surja: letra, un riff, una melod\u00eda aleatoria&#8230; Luego intento recolocarlas para ver si tienen alg\u00fan sentido. Encuentro inspiraci\u00f3n en ellas pero no me obceco con el sonido o con detalles t\u00e9cnicos. No soy muy amante de la t\u00e9cnica en general.<br \/>\nY con la reverb tengo un problema, y es que nunca me parece suficiente. Otra cosa con la que hay que obligarse a parar.<\/p>\n<p>&nbsp;<\/p>\n","protected":false},"excerpt":{"rendered":"<p>Capas, distorsi\u00f3n y reverb en abundancia al servicio de las atm\u00f3sferas envolventes, dando forma a evocadoras canciones de shoegaze cantado en castellano. As\u00ed suena ANIMADORA,\u00a0el nuevo proyecto en solitario de Andrea Podadera, del grupo de Neon October, que nos presenta a continuaci\u00f3n. &nbsp; &nbsp; Formas parte del grupo Neon October, con un estilo similar al [&hellip;]<\/p>\n","protected":false},"author":1,"featured_media":0,"comment_status":"open","ping_status":"open","sticky":false,"template":"","format":"standard","meta":[],"categories":[4,23],"tags":[928],"_links":{"self":[{"href":"https:\/\/www.mmamm.net\/index.php\/wp-json\/wp\/v2\/posts\/1418"}],"collection":[{"href":"https:\/\/www.mmamm.net\/index.php\/wp-json\/wp\/v2\/posts"}],"about":[{"href":"https:\/\/www.mmamm.net\/index.php\/wp-json\/wp\/v2\/types\/post"}],"author":[{"embeddable":true,"href":"https:\/\/www.mmamm.net\/index.php\/wp-json\/wp\/v2\/users\/1"}],"replies":[{"embeddable":true,"href":"https:\/\/www.mmamm.net\/index.php\/wp-json\/wp\/v2\/comments?post=1418"}],"version-history":[{"count":0,"href":"https:\/\/www.mmamm.net\/index.php\/wp-json\/wp\/v2\/posts\/1418\/revisions"}],"wp:attachment":[{"href":"https:\/\/www.mmamm.net\/index.php\/wp-json\/wp\/v2\/media?parent=1418"}],"wp:term":[{"taxonomy":"category","embeddable":true,"href":"https:\/\/www.mmamm.net\/index.php\/wp-json\/wp\/v2\/categories?post=1418"},{"taxonomy":"post_tag","embeddable":true,"href":"https:\/\/www.mmamm.net\/index.php\/wp-json\/wp\/v2\/tags?post=1418"}],"curies":[{"name":"wp","href":"https:\/\/api.w.org\/{rel}","templated":true}]}}