{"id":1417,"date":"2022-10-13T15:40:16","date_gmt":"2022-10-13T13:40:16","guid":{"rendered":"http:\/\/www.mmamm.net\/?p=1417"},"modified":"2022-10-29T15:46:55","modified_gmt":"2022-10-29T13:46:55","slug":"lonja-negra-el-objetivo-es-rascar-todos-los-margenes-que-se-pueda","status":"publish","type":"post","link":"https:\/\/www.mmamm.net\/index.php\/2022\/10\/13\/lonja-negra-el-objetivo-es-rascar-todos-los-margenes-que-se-pueda\/","title":{"rendered":"Lonja Negra: \u00abEl objetivo es rascar todos los m\u00e1rgenes que se pueda\u00bb"},"content":{"rendered":"<p style=\"text-align: justify;\">Lonja Negra es un grupo de gente, con afinidad personal y creativa, implicada en la m\u00fasica, el dise\u00f1o gr\u00e1fico o la ilustraci\u00f3n, entre otras disciplinas art\u00edsticas, que ha decidido dar un paso al frente y empezar a programar eventos en Murcia desde un enfoque underground.\u00a0En su presentaci\u00f3n en sociedad hablaban de contribuir a reparar un tejido cultural, de hacer las cosas de otro modo, de militancia underground y de \u00abmetal her\u00e9tico, rock esdr\u00fajulo, dub c\u00f3smico, electr\u00f3nica escurridiza o gritos industriales\u00bb. Se estrenaron el pasado mes de septiembre, con La Madriguera y el bar Ocio como sedes, y ya tienen su programaci\u00f3n cerrada para lo que resta de a\u00f1o. El s\u00e1bado nos esperan nuevamente en La Madriguera, y despu\u00e9s en Moss, para la segunda entrega de este primer ciclo. No pod\u00eda dejar pasar la oportunidad de hacerles unas cuantas preguntas.<\/p>\n<p>&nbsp;<\/p>\n<p style=\"text-align: center;\"><a href=\"https:\/\/www.mmamm.net\/timpanosyluciernagas\/wordpress\/wp-content\/uploads\/2022\/10\/1665649324669.jpeg\"><img decoding=\"async\" loading=\"lazy\" class=\"aligncenter size-full wp-image-2932\" title=\"1665649324669\" src=\"https:\/\/www.mmamm.net\/timpanosyluciernagas\/wordpress\/wp-content\/uploads\/2022\/10\/1665649324669.jpeg\" alt=\"\" width=\"480\" height=\"480\" \/><\/a><\/p>\n<p>&nbsp;<\/p>\n<p style=\"text-align: justify;\"><strong>Que surja un colectivo como el vuestro es bastante l\u00f3gico. Pero me gustar\u00eda saber un detalle concreto: \u00bfEn qu\u00e9 momento y en qu\u00e9 contexto alguien propuso pasar a la acci\u00f3n y obtuvo por respuesta un \u00abadelante, montemos nuestros propios saraos\u00bb?<\/strong><br \/>\nPues era como el elefante en la habitaci\u00f3n. Se habl\u00f3 m\u00e1s de una vez que, en ciertas historias que hab\u00eda en Murcia, siempre est\u00e1bamos los mismos. Asociarse es un paso l\u00f3gico.<\/p>\n<p>&nbsp;<\/p>\n<p style=\"text-align: justify;\"><strong>Es evidente que son tiempos dif\u00edciles para todo lo que se aleje de las corrientes principales. \u00bfPens\u00e1is que es imprescindible la autogesti\u00f3n en la actualidad o una simple alternativa?<\/strong><br \/>\nNunca dir\u00eda imprescindible, pero s\u00ed que en Murcia falta esa parte de alimentaci\u00f3n desde una red que existe en Espa\u00f1a y por extensi\u00f3n en Europa. Algunos artistas que van a venir a estos primeros eventos no hubiesen tenido la oportunidad en las corrientes principales en este momento por la saturaci\u00f3n que existe en estas. Es una especie de cuello de botella. No todo lo que haga un m\u00fasico puede estar supeditado de una forma tan grande al rendimiento econ\u00f3mico. Es que hasta bandas que se garantizan cantidades considerables de p\u00fablico est\u00e1n cancelando giras porque no les dan los n\u00fameros, se ven much\u00edsimos casos.<\/p>\n<p>&nbsp;<\/p>\n<p style=\"text-align: justify;\"><strong> Hab\u00e9is escogido La Madriguera como sede para vuestros eventos. Personalmente me agrada mucho este lugar, me recuerda a otros en los que he pasado buenos momentos, como el antiguo local de La Nave o El Quir\u00f3fano. \u00bfQu\u00e9 os ha llevado a esta elecci\u00f3n? \u00bfOs sent\u00eds identificados con proyectos del pasado como Colectivo Moog o Cores &amp; Danzas?<\/strong><br \/>\nClaro que s\u00ed. Lo que pasa es que, el problema de las cosas hechas por el amor al arte, es que acaban agotando a la gente, hay que ir dando relevos. La Madriguera lleva varios a\u00f1os y son gente buena, humilde y que cree en lo que hace. Nos gusta mucho el espacio.<\/p>\n<p>&nbsp;<\/p>\n<p style=\"text-align: justify;\"><strong> Aunque estuve presente en vuestro primer concierto, con Davidub, Pionera y Nepal Napalm (que tuvo continuaci\u00f3n en Ocio con Agust\u00edn Garc\u00eda y Tob\u00edas), me gustar\u00eda conocer cu\u00e1les fueron vuestras sensaciones en esa noche de estreno\u2026<\/strong><br \/>\nA pesar de no poder anunciar con mucha antelaci\u00f3n, fue muy satisfactorio. Vino bastante p\u00fablico y se disfrut\u00f3 mucho.<\/p>\n<p>&nbsp;<\/p>\n<p style=\"text-align: justify;\"><strong> Es f\u00e1cil comprobar que en determinados conciertos en nuestra ciudad las personas que asistimos tenemos ya una edad. \u00bfCre\u00e9is que existe una posibilidad de relevo generacional para este circuito underground?<\/strong><br \/>\nSiempre. Cambian los c\u00f3digos y la realidad ahora es distinta, pero siempre creo que va a haber un relevo generacional. Ser\u00eda genial que aport\u00e1semos a que eso ocurra.<\/p>\n<p>&nbsp;<\/p>\n<p style=\"text-align: justify;\"><strong>Los conciertos de Lonja Negra vienen acompa\u00f1ados por posteriores sesiones en Ocio o Moss. M\u00e1s all\u00e1 de lo que son los grandes festivales, \u00bfpens\u00e1is que la electr\u00f3nica y lo que podr\u00edamos llamar cultura de club est\u00e1n\u00a0ninguneados en la actualidad en nuestro entornos social, cultural y medi\u00e1tico?<\/strong><br \/>\nHace a\u00f1os estaban m\u00e1s cerca y creemos que suman un todo que alimenta a ambas escenas, que tienen mucho m\u00e1s en com\u00fan de lo que parece, tanto en la forma como, sobre todo en el fondo.\u00a0Es uno de nuestros objetivos.<br \/>\nEl pr\u00f3ximo s\u00e1bado tenemos un lineup entre La Madriguera y Moss que, la verdad, estando feo que lo digamos nosotros, es de una calidad enorme.<\/p>\n<p>&nbsp;<\/p>\n<p style=\"text-align: justify;\"><strong> <a href=\"https:\/\/www.mmamm.net\/timpanosyluciernagas\/wordpress\/wp-content\/uploads\/2022\/10\/1665649324689.jpg\"><img decoding=\"async\" loading=\"lazy\" class=\"aligncenter size-full wp-image-2933\" title=\"1665649324689\" src=\"https:\/\/www.mmamm.net\/timpanosyluciernagas\/wordpress\/wp-content\/uploads\/2022\/10\/1665649324689.jpg\" alt=\"\" width=\"480\" height=\"480\" \/><\/a><\/strong><\/p>\n<p>&nbsp;<\/p>\n<p style=\"text-align: justify;\"><strong>Aunque ya conocemos el cartel de vuestros tres pr\u00f3ximos conciertos, \u00bfpor qu\u00e9 no nos hac\u00e9is una peque\u00f1a presentaci\u00f3n de estos?<\/strong><br \/>\nPues me extiendo un poco m\u00e1s con el primero puesto que lo tenemos este mismo s\u00e1bado. Por un lado tenemos a Dame \u00c1rea, que es una de las propuestas m\u00e1s rompedoras y especiales que tenemos en Espa\u00f1a, y no es f\u00e1cil verlos por aqu\u00ed abajo. Su directo de hace unos meses fue una pasada. Despu\u00e9s tenemos a Espiricom, que encima publican un disco brutal y producido por \u00d3scar Mulero (otra muestra m\u00e1s de c\u00f3mo la m\u00fasica de banda y la electr\u00f3nica se tocan) el d\u00eda antes. Adem\u00e1s para esa noche tenemos la colaboraci\u00f3n con Ombra Festival repartida entre La Madriguera y Moss. En la primera, adem\u00e1s de los mencionados arriba tendremos a PanDemian, de We Are Not Brothers, una de las cosas m\u00e1s aguerridas que te puedes tirar a la cara ahora mismo y todo por doce pavos.<br \/>\nDespu\u00e9s ya en Moss, por parte de Ombra tenemos a RNXRX! y a Serx Einheri que son otra pasada, y a\u00f1adimos desde Lonja a talentosos de aqu\u00ed como Agust\u00edn Garc\u00eda, Tob\u00edas y de remate a Comisarios de la Luz (Dame \u00c1rea). El evento es magn\u00edfico.<br \/>\nEn cuanto a los siguientes, para noviembre, el 18, tenemos a Balcanes, que tambi\u00e9n tienen disco reci\u00e9n salido y es un pepino. Otra cosa dificil\u00edsima de ver por aqu\u00ed abajo. Esa noche se acompa\u00f1ar\u00e1n de Pau From Marc, banda de Marco Velasco y Paula Sal, que el a\u00f1o pasado sacaron uno de los discos m\u00e1s chulos en este pa\u00eds y que encima son de la tierra. Adem\u00e1s seguro que ya tiene cosas nuevas que ir presentando. Por \u00faltimo, el d\u00eda 23 de diciembre tenemos a uno de los hijos predilectos de la ciudad, Fur Voice, otro con discazo nuevo y talento para aburrir y a Salva Alambre, que seguro que tambi\u00e9n trae sorpresas.<br \/>\nDe momento es lo que hay, pero estamos muy orgullosos de esta programaci\u00f3n, la verdad.<\/p>\n<p>&nbsp;<\/p>\n<p style=\"text-align: justify;\"><strong>Viendo la programaci\u00f3n anunciada hasta ahora, el nexo en com\u00fan, m\u00e1s que los estilos musicales, que son de lo m\u00e1s variopinto, es el gusto por los m\u00e1rgenes, por la experimentaci\u00f3n. Pensando en el 2023, \u00bfqu\u00e9 proyectos tendr\u00edan cabida en Lonja Negra? Pod\u00e9is dar nombres concretos si os apetece\u2026<\/strong><br \/>\nNo podemos dar nombres pero estamos en ello. Pero el objetivo siempre es ese, rascar todos los m\u00e1rgenes que se pueda.<\/p>\n<p>&nbsp;<br \/>\n<strong> Para terminar, \u00bfse puede saber qui\u00e9nes conforman Lonja Negra o es este un colectivo que forma parte de la tradici\u00f3n de sociedades secretas?<\/strong><br \/>\nNo es especialmente relevante, creo. Hablo en primera persona del plural porque, al final, solo somos gente que nos respetamos y admiramos y queremos unir fuerzas.<br \/>\n&nbsp;<\/p>\n","protected":false},"excerpt":{"rendered":"<p>Lonja Negra es un grupo de gente, con afinidad personal y creativa, implicada en la m\u00fasica, el dise\u00f1o gr\u00e1fico o la ilustraci\u00f3n, entre otras disciplinas art\u00edsticas, que ha decidido dar un paso al frente y empezar a programar eventos en Murcia desde un enfoque underground.\u00a0En su presentaci\u00f3n en sociedad hablaban de contribuir a reparar un [&hellip;]<\/p>\n","protected":false},"author":1,"featured_media":0,"comment_status":"open","ping_status":"open","sticky":false,"template":"","format":"standard","meta":[],"categories":[4,23],"tags":[927],"_links":{"self":[{"href":"https:\/\/www.mmamm.net\/index.php\/wp-json\/wp\/v2\/posts\/1417"}],"collection":[{"href":"https:\/\/www.mmamm.net\/index.php\/wp-json\/wp\/v2\/posts"}],"about":[{"href":"https:\/\/www.mmamm.net\/index.php\/wp-json\/wp\/v2\/types\/post"}],"author":[{"embeddable":true,"href":"https:\/\/www.mmamm.net\/index.php\/wp-json\/wp\/v2\/users\/1"}],"replies":[{"embeddable":true,"href":"https:\/\/www.mmamm.net\/index.php\/wp-json\/wp\/v2\/comments?post=1417"}],"version-history":[{"count":0,"href":"https:\/\/www.mmamm.net\/index.php\/wp-json\/wp\/v2\/posts\/1417\/revisions"}],"wp:attachment":[{"href":"https:\/\/www.mmamm.net\/index.php\/wp-json\/wp\/v2\/media?parent=1417"}],"wp:term":[{"taxonomy":"category","embeddable":true,"href":"https:\/\/www.mmamm.net\/index.php\/wp-json\/wp\/v2\/categories?post=1417"},{"taxonomy":"post_tag","embeddable":true,"href":"https:\/\/www.mmamm.net\/index.php\/wp-json\/wp\/v2\/tags?post=1417"}],"curies":[{"name":"wp","href":"https:\/\/api.w.org\/{rel}","templated":true}]}}