{"id":1298,"date":"2017-11-03T13:05:54","date_gmt":"2017-11-03T11:05:54","guid":{"rendered":"http:\/\/www.mmamm.net\/?p=1298"},"modified":"2017-11-10T13:03:49","modified_gmt":"2017-11-10T11:03:49","slug":"josele-santiago-el-arte-no-tiene-que-seguir-una-agenda-si-el-artista-no-quiere","status":"publish","type":"post","link":"https:\/\/www.mmamm.net\/index.php\/2017\/11\/03\/josele-santiago-el-arte-no-tiene-que-seguir-una-agenda-si-el-artista-no-quiere\/","title":{"rendered":"Josele Santiago: \u00abEl arte no tiene que seguir una agenda si el artista no quiere\u00bb"},"content":{"rendered":"<p style=\"text-align: justify;\"><span style=\"color: #888888;\">Josele es un t\u00edo que est\u00e1 de vuelta de todo, pero con la ilusi\u00f3n y la magia intactas. Poco vamos a contar nosotros de alguien cuyo grupo, Los Enemigos, lleva m\u00e1s de treinta a\u00f1os en la carretera y ha editado, adem\u00e1s, cinco discos en solitario. Esta noche act\u00faa en el Auditorio V\u00edctor Villegas de Murcia a partir de las 21 horas y nosotros llegamos por los pelos a publicar esta entrevista. Que hable el maestro.<\/span><\/p>\n<p style=\"text-align: justify;\"><span style=\"color: #888888;\"><br \/>\n<\/span><\/p>\n<p style=\"text-align: center;\"><a href=\"https:\/\/www.mmamm.net\/timpanosyluciernagas\/wordpress\/wp-content\/uploads\/2017\/11\/unnamed.jpg\"><img decoding=\"async\" loading=\"lazy\" class=\"aligncenter size-full wp-image-2481\" title=\"unnamed\" src=\"https:\/\/www.mmamm.net\/timpanosyluciernagas\/wordpress\/wp-content\/uploads\/2017\/11\/unnamed.jpg\" alt=\"\" width=\"415\" height=\"620\" \/><\/a><\/p>\n<p style=\"text-align: justify;\">&nbsp;<\/p>\n<p style=\"text-align: justify;\"><span style=\"color: #888888;\"><strong>El t\u00edtulo de este disco lo asocias al mal, a un paisaje nada c\u00f3modo e incluso desagradable. Luego, prestando atenci\u00f3n a las letras, todo empeora. Dejas claro que todo se va a la mierda y es irreversible. Es curioso que esta visi\u00f3n coincida con tu mejor momento a nivel personal. Igual era necesario y de otro modo no podr\u00edas haber parido Transilvania. \u00bfLo ves as\u00ed?<\/strong><\/span><br \/>\n<span style=\"color: #888888;\"> Pues no lo s\u00e9, no me lo he planteado nunca as\u00ed. Simplemente voy escribiendo canciones y cuando encuentro que juntar una docena o as\u00ed de ellas tiene sentido, aunque sea a un nivel intuitivo, las grabo. Adem\u00e1s, el proceso de composici\u00f3n de un disco, al menos en mi caso, es lo suficientemente largo como para abarcar m\u00e1s de uno y m\u00e1s de dos momentos personales.<\/span><\/p>\n<p style=\"text-align: justify;\"><span style=\"color: #888888;\"><br \/>\n<\/span><\/p>\n<p style=\"text-align: justify;\"><span style=\"color: #888888;\"><strong>Dices que hay que cuestionarlo todo. \u00bfCrees que estamos m\u00e1s manipulados hoy en d\u00eda que en otras \u00e9pocas? \u00bfSomos m\u00e1s conformistas? \u00bfO es simplemente la misma historia siempre?<\/strong><\/span><br \/>\n<span style=\"color: #888888;\"> La historia se repite, eso es cierto, pero nunca ha habido tantos y tan sofisticados instrumentos ideales para manipular al personal como hoy en d\u00eda.<\/span><\/p>\n<p style=\"text-align: justify;\"><span style=\"color: #888888;\"><br \/>\n<\/span><\/p>\n<p style=\"text-align: justify;\"><span style=\"color: #888888;\"><strong>\u00bfSigues firme en eso de que \u00abla \u00fanica responsabilidad que tiene el arte es conmover\u00bb? El siguiente paso deber\u00eda ser concienciar. \u00bfEso es imposible? \u00bfSiempre lo fue?<\/strong><\/span><br \/>\n<span style=\"color: #888888;\"> Yo sigo pensando que el arte no tiene que seguir una agenda si el artista no quiere. Otra cosa es como te posiciones en las entrevistas y las redes, ya que tienes esa oportunidad. Me encanta pescar versos en la realidad sociopol\u00edtica actual, es un magn\u00edfico caladero. Pero no me siento obligado a hacerlo. Es s\u00f3lo que est\u00e1 ah\u00ed.<\/span><\/p>\n<p style=\"text-align: justify;\"><span style=\"color: #888888;\"><br \/>\n<\/span><\/p>\n<p style=\"text-align: justify;\"><span style=\"color: #888888;\"><strong>Estamos acostumbrados a ver m\u00fasicos que, despu\u00e9s de una larga trayectoria, se acomodan. En tu caso, sin embargo, siempre est\u00e1s abierto a nuevas ideas. \u00abHay que ser consciente de que eres un eterno aprendiz y mantener la ilusi\u00f3n\u00bb, reconoces incluso, y reivindicas que hay que echarle imaginaci\u00f3n al asunto y no dejarlo todo al oficio. \u00bfEn alg\u00fan momento de tu carrera sentiste que te hab\u00edas estancado?<\/strong><\/span><br \/>\n<span style=\"color: #888888;\"> Claro. Ocurre constantemente. Esa es precisamente la sensaci\u00f3n que le empuja a uno a mover el culo, si se me permite la expresi\u00f3n.<\/span><\/p>\n<p style=\"text-align: justify;\"><span style=\"color: #888888;\"><br \/>\n<\/span><\/p>\n<p style=\"text-align: justify;\"><span style=\"color: #888888;\"><strong>En los discos de Josele Santiago siempre hay alguna\/as canci\u00f3n que pensamos \u00abesta podr\u00eda estar en un disco de Los Enemigos\u00bb. En este caso, nos pasa con \u00abPrestao\u00bb, por ejemplo. Cuando compones, \u00bfc\u00f3mo vas mandando canciones al caj\u00f3n de Josele o al de Los Enemigos? \u00bfQu\u00e9 hace que una canci\u00f3n vaya a uno u otro?<\/strong><\/span><br \/>\n<span style=\"color: #888888;\"> En realidad no hago m\u00e1s distingos que los puramente musicales, si es que los hago. Quiero decir que si a una melod\u00eda le sienta bien un riff poderoso va directamente para Los Enemigos, pero hasta ah\u00ed hemos llegado. Intento centrarme en las letras y en las melod\u00edas, y el tema de si vestirlas de esta o de aquella manera viene despu\u00e9s. La mayor\u00eda son intercambiables y depende m\u00e1s que nada del momento en que me pille.<\/span><\/p>\n<p style=\"text-align: justify;\"><span style=\"color: #888888;\"><br \/>\n<\/span><\/p>\n<p style=\"text-align: justify;\"><span style=\"color: #888888;\"><strong>Afirmas que lo importante es que las canciones resistan la prueba de la guitarra ac\u00fastica. En los tiempos complicados que corren para la m\u00fasica en directo, se podr\u00eda decir incluso que esto se ha convertido en algo casi imprescindible, \u00bfno?<\/strong><\/span><br \/>\n<span style=\"color: #888888;\"> Bueno, tampoco es tan imprescindible. Me encantan muchas canciones que son irreproducibles con una ac\u00fastica. Sin embargo, es verdad que el formato folk cada d\u00eda me gusta m\u00e1s. Me siento muy c\u00f3modo en ese terreno.<\/span><\/p>\n<p style=\"text-align: justify;\"><span style=\"color: #888888;\"><br \/>\n<\/span><\/p>\n<p style=\"text-align: justify;\"><span style=\"color: #888888;\"><strong>\u00bfCu\u00e1les son, en este sentido, las \u00abtrampas t\u00e9cnicas\u00bb que te permites en directo a la hora de interpretar tus canciones? O, mejor dicho, \u00bfcu\u00e1les son tus cacharros imprescindibles para subirte al escenario?<\/strong><\/span><br \/>\n<span style=\"color: #888888;\"> Ya ves, con una guitarra y una botella de agua me puedo apa\u00f1ar. Uso un modelo bastante raro de Martin, la Shenandoah, que es b\u00e1sicamente una dreadnought tipo D-35. En cuanto a las el\u00e9ctricas, para Los Enemigos utilizo una Fender Telecaster y con mi banda prefiero las guitarras huecas con pastillas simples tipo P 90 como la Gibson 330 o la Duesenberg Hollow Body que llevo \u00faltimamente. Los amplis siempre Fender o similares, aunque me estoy planteando seriamente hacerme con un Vox AC30 o AC15. Ya veremos.<\/span><\/p>\n<p style=\"text-align: justify;\"><span style=\"color: #888888;\"><br \/>\n<\/span><\/p>\n<p style=\"text-align: justify;\"><span style=\"color: #888888;\"><strong>Pareces tener una estrecha relaci\u00f3n con los productores y colaboradores de tus discos desde el inicio de tu carrera en solitario. Pese a que siempre mantienen tu sello inconfundible en giros mel\u00f3dicos, letras y dem\u00e1s, \u00bfcu\u00e1l es la parte m\u00e1s permeable de Josele Santiago a la hora de afrontar un proceso de grabaci\u00f3n?\u00bfEn qu\u00e9 te ha logrado meter m\u00e1s mano Ra\u00fal Refree en este disco?<\/strong><\/span><br \/>\n<span style=\"color: #888888;\"> Ra\u00fcl es un fen\u00f3meno, pero yo soy bastante estrecha, sabes. Es broma, hac\u00eda tiempo que estaba plante\u00e1ndome trabajar con sintetizadores y ahora que por fin est\u00e1bamos trabajando juntos (hace ya m\u00e1s de diez a\u00f1os que nos lo planteamos) pens\u00e9 que hab\u00eda llegado el momento. Sac\u00f3 un mont\u00f3n de cacharros de los armarios de su estudio, pero no le dej\u00e9 usarlos todos. La aportaci\u00f3n de Ra\u00fcl ha sido fant\u00e1stica a nivel de arreglos, que los hemos discutido mucho, y sobre todo en cuanto al sonido general del disco, donde le dejado hacer m\u00e1s entre otras cosas porque yo estoy sordo como una tapia. Ha conseguido una profundidad y un equilibrio acojonantes.<\/span><\/p>\n<p style=\"text-align: justify;\"><span style=\"color: #888888;\"><br \/>\n<\/span><\/p>\n<p style=\"text-align: justify;\"><span style=\"color: #888888;\"><strong>\u00bfPor qu\u00e9 crees que debemos seguir a Xarim Arest\u00e9? Solo se te escuchan elogios para su m\u00fasica.<\/strong><\/span><br \/>\n<span style=\"color: #888888;\"> Bueno, me limito a recomendarlo. Escribe unas canciones maravillosas y sabe c\u00f3mo interpretarlas. Realmente, Xar\u00edm Arest\u00e9 es uno de los artistas m\u00e1s interesantes con los que yo me haya topado nunca.<\/span><\/p>\n<p style=\"text-align: justify;\"><span style=\"color: #888888;\"><br \/>\n<\/span><\/p>\n<p style=\"text-align: justify;\"><span style=\"color: #888888;\"><strong>Los esc\u00e1ndalos de la SGAE \u00abayudan\u00bb a que cada vez m\u00e1s bandas y artistas opten por la autoedici\u00f3n de sus discos, libres de derechos, adem\u00e1s. Hablamos de discos grabados en estudios profesionales y con una calidad evidente, no maquetas). Parece que es una realidad ya (e ir\u00e1 a m\u00e1s en el futuro) pero no tienen hueco a\u00fan en la prensa especializada, salvo excepciones. \u00bfCu\u00e1ndo empezar\u00e1n los medios a prestar atenci\u00f3n a la autoedici\u00f3n? \u00bfCrees que se puede dar o el poder de las multis (incluso las<\/strong><\/span><strong> independientes) har\u00e1 que estos trabajos siempre permanezcan en el underground?<\/strong><br \/>\n<span style=\"color: #888888;\"> Las multinacionales y la m\u00fasica hecha por el simple placer de hacerla, con paciencia y dedicaci\u00f3n, hace ya tiempo que transitan por caminos diferentes. Las excepciones, que las sigue habiendo, son cada vez menos.<\/span><\/p>\n<p style=\"text-align: justify;\"><span style=\"color: #888888;\"><br \/>\n<\/span><\/p>\n<p style=\"text-align: justify;\"><em><strong><span style=\"color: #888888;\">Entrevista realizada junto a Romu L\u00f3pez y V\u00edctor Mart\u00ednez para T\u00edmpanos y Luci\u00e9rnagas.<\/span><\/strong><\/em><\/p>\n","protected":false},"excerpt":{"rendered":"<p>Josele es un t\u00edo que est\u00e1 de vuelta de todo, pero con la ilusi\u00f3n y la magia intactas. Poco vamos a contar nosotros de alguien cuyo grupo, Los Enemigos, lleva m\u00e1s de treinta a\u00f1os en la carretera y ha editado, adem\u00e1s, cinco discos en solitario. Esta noche act\u00faa en el Auditorio V\u00edctor Villegas de Murcia [&hellip;]<\/p>\n","protected":false},"author":1,"featured_media":0,"comment_status":"open","ping_status":"open","sticky":false,"template":"","format":"standard","meta":[],"categories":[4,25,23],"tags":[877],"_links":{"self":[{"href":"https:\/\/www.mmamm.net\/index.php\/wp-json\/wp\/v2\/posts\/1298"}],"collection":[{"href":"https:\/\/www.mmamm.net\/index.php\/wp-json\/wp\/v2\/posts"}],"about":[{"href":"https:\/\/www.mmamm.net\/index.php\/wp-json\/wp\/v2\/types\/post"}],"author":[{"embeddable":true,"href":"https:\/\/www.mmamm.net\/index.php\/wp-json\/wp\/v2\/users\/1"}],"replies":[{"embeddable":true,"href":"https:\/\/www.mmamm.net\/index.php\/wp-json\/wp\/v2\/comments?post=1298"}],"version-history":[{"count":1,"href":"https:\/\/www.mmamm.net\/index.php\/wp-json\/wp\/v2\/posts\/1298\/revisions"}],"predecessor-version":[{"id":1302,"href":"https:\/\/www.mmamm.net\/index.php\/wp-json\/wp\/v2\/posts\/1298\/revisions\/1302"}],"wp:attachment":[{"href":"https:\/\/www.mmamm.net\/index.php\/wp-json\/wp\/v2\/media?parent=1298"}],"wp:term":[{"taxonomy":"category","embeddable":true,"href":"https:\/\/www.mmamm.net\/index.php\/wp-json\/wp\/v2\/categories?post=1298"},{"taxonomy":"post_tag","embeddable":true,"href":"https:\/\/www.mmamm.net\/index.php\/wp-json\/wp\/v2\/tags?post=1298"}],"curies":[{"name":"wp","href":"https:\/\/api.w.org\/{rel}","templated":true}]}}