{"id":1158,"date":"2013-10-25T19:14:41","date_gmt":"2013-10-25T17:14:41","guid":{"rendered":"http:\/\/www.mmamm.net\/?p=1158"},"modified":"2013-10-25T19:14:41","modified_gmt":"2013-10-25T17:14:41","slug":"nueva-temporada-de-timpanos-y-luciernagas-en-marcha","status":"publish","type":"post","link":"https:\/\/www.mmamm.net\/index.php\/2013\/10\/25\/nueva-temporada-de-timpanos-y-luciernagas-en-marcha\/","title":{"rendered":"Nueva temporada de T\u00edmpanos y Luci\u00e9rnagas en marcha"},"content":{"rendered":"<p style=\"text-align: center;\"><a href=\"https:\/\/www.mmamm.net\/wordpress\/wp-content\/uploads\/1236848_189960347853080_780792633_n.jpg\"><img decoding=\"async\" loading=\"lazy\" class=\"aligncenter size-full wp-image-1159\" title=\"Tracatr\u00e1\" src=\"https:\/\/www.mmamm.net\/wordpress\/wp-content\/uploads\/1236848_189960347853080_780792633_n.jpg\" alt=\"\" width=\"480\" height=\"420\" srcset=\"https:\/\/www.mmamm.net\/wordpress\/wp-content\/uploads\/1236848_189960347853080_780792633_n.jpg 960w, https:\/\/www.mmamm.net\/wordpress\/wp-content\/uploads\/1236848_189960347853080_780792633_n-300x262.jpg 300w\" sizes=\"(max-width: 480px) 100vw, 480px\" \/><\/a><\/p>\n<p style=\"text-align: center;\">&nbsp;<\/p>\n<p>&nbsp;<\/p>\n<p style=\"text-align: justify;\">Tres meses y medio despu\u00e9s, estamos de vuelta con una nueva temporada de <a href=\"http:\/\/www.timpanosyluciernagas.com\" target=\"_blank\">T\u00edmpanos y Luci\u00e9rnagas<\/a>. Una nueva cita semanal con la radiodifusi\u00f3n m\u00fasical y la charleta, para pasarlo bien, sin m\u00e1s. En Radio Destroller. Con un formato ligeramente retocado, ajustado a las dos horas, como se concibi\u00f3 en su origen, pero siempre a nuestro aire. Se mantienen las secciones de la pasada temporada y estrenamos otra secci\u00f3n nueva de contenidos dispersos, de la que yo mismo me encargo. Su t\u00edtulo, \u201c\u00a1Libertad creativa!\u201d y as\u00ed la presento yo mismo en el blog del programa:<\/p>\n<p style=\"text-align: justify;\">&nbsp;<\/p>\n<p style=\"text-align: justify;\">&nbsp;<\/p>\n<p style=\"text-align: justify;\">\u00abHemos vuelto y lo hemos hecho de un comedido que cuesta reconocernos, con un programa ajustado a las dos horas y la intenci\u00f3n de mantener esto como norma. Adem\u00e1s, yo me he relegado a m\u00ed mismo a la funci\u00f3n de colaborador, con secci\u00f3n propia, la que aqu\u00ed nos ocupa. Aunque habr\u00e1 ocasiones en las que, como en este cap\u00edtulo de retorno, permanecer\u00e9 en Radio Destroller, nuestra nueva casa, gran parte del programa, apoyando y comentando lo que corresponda, sin gui\u00f3n, como un tertuliano cualquiera. Otras veces me limitar\u00e9 a hablar de lo m\u00edo y dejar paso al resto del equipo e incluso alguna vez puede que haga la secci\u00f3n desde la distancia, eso lo ir\u00e1 determinando cada semana la responsabilidad de ser el contacto en Murcia del nuevo Batman. Pero, de una forma u otra, cada semana habr\u00e1 una aportaci\u00f3n m\u00eda en este apartado, cuya sinton\u00eda surgi\u00f3 antes incluso que su propio nombre.<\/p>\n<p style=\"text-align: justify;\">&nbsp;<\/p>\n<p style=\"text-align: justify;\">Quien me conozca sabe bien que no es casualidad ni algo gratuito que la sinton\u00eda de mi secci\u00f3n sea una canci\u00f3n de Los Chichos y a pesar de ello, me vino a la cabeza de una forma bastante casual. Eso s\u00ed, una vez escogida, la conexi\u00f3n mental con la figura de Carlos Areces fue autom\u00e1tica. Todo cuadr\u00f3 en mi mente en aquel momento, una secci\u00f3n en la que poder hacer o recomendar cada semana lo que me apeteciera, sin las ataduras de un perfil fijo. \u00bfA qui\u00e9n no le va a gustar? Un hueco para presentar novedades, recomendar conciertos, dar rienda suelta a la nostalgia, celebrar los nuevos descubrimientos, contar an\u00e9cdotas\u2026 especialmente en las primeras semanas, mientras vamos recuperando el ritmo y adapt\u00e1ndonos todos al nuevo formato. Quiz\u00e1s m\u00e1s adelante trate de dar cabida en esta secci\u00f3n a todos esos contenidos extra que, con la colaboraci\u00f3n de gente como Fulli, Klaus&amp;Kinski, Perro o El Estudiante Larry, nos \u00edbamos sacando de vez en cuando de la manga durante la pasada temporada, a los minicuestionarios post-concierto o a todas esas nuevas chorradas que de vez en cuando se me van ocurriendo. Ya llevo alguna en mente para el futuro\u00bb.<\/p>\n<p style=\"text-align: justify;\">&nbsp;<\/p>\n","protected":false},"excerpt":{"rendered":"<p>&nbsp; &nbsp; Tres meses y medio despu\u00e9s, estamos de vuelta con una nueva temporada de T\u00edmpanos y Luci\u00e9rnagas. Una nueva cita semanal con la radiodifusi\u00f3n m\u00fasical y la charleta, para pasarlo bien, sin m\u00e1s. En Radio Destroller. Con un formato ligeramente retocado, ajustado a las dos horas, como se concibi\u00f3 en su origen, pero siempre [&hellip;]<\/p>\n","protected":false},"author":1,"featured_media":0,"comment_status":"open","ping_status":"open","sticky":false,"template":"","format":"standard","meta":[],"categories":[58],"tags":[744,743,524],"_links":{"self":[{"href":"https:\/\/www.mmamm.net\/index.php\/wp-json\/wp\/v2\/posts\/1158"}],"collection":[{"href":"https:\/\/www.mmamm.net\/index.php\/wp-json\/wp\/v2\/posts"}],"about":[{"href":"https:\/\/www.mmamm.net\/index.php\/wp-json\/wp\/v2\/types\/post"}],"author":[{"embeddable":true,"href":"https:\/\/www.mmamm.net\/index.php\/wp-json\/wp\/v2\/users\/1"}],"replies":[{"embeddable":true,"href":"https:\/\/www.mmamm.net\/index.php\/wp-json\/wp\/v2\/comments?post=1158"}],"version-history":[{"count":1,"href":"https:\/\/www.mmamm.net\/index.php\/wp-json\/wp\/v2\/posts\/1158\/revisions"}],"predecessor-version":[{"id":1160,"href":"https:\/\/www.mmamm.net\/index.php\/wp-json\/wp\/v2\/posts\/1158\/revisions\/1160"}],"wp:attachment":[{"href":"https:\/\/www.mmamm.net\/index.php\/wp-json\/wp\/v2\/media?parent=1158"}],"wp:term":[{"taxonomy":"category","embeddable":true,"href":"https:\/\/www.mmamm.net\/index.php\/wp-json\/wp\/v2\/categories?post=1158"},{"taxonomy":"post_tag","embeddable":true,"href":"https:\/\/www.mmamm.net\/index.php\/wp-json\/wp\/v2\/tags?post=1158"}],"curies":[{"name":"wp","href":"https:\/\/api.w.org\/{rel}","templated":true}]}}