{"id":1091,"date":"2013-01-11T19:13:11","date_gmt":"2013-01-11T17:13:11","guid":{"rendered":"http:\/\/www.mmamm.net\/?p=1091"},"modified":"2013-01-11T19:17:31","modified_gmt":"2013-01-11T17:17:31","slug":"el-bueno-el-feo-y-el-mena-crudo-pimento-el-quirofano-la-arboleja","status":"publish","type":"post","link":"https:\/\/www.mmamm.net\/index.php\/2013\/01\/11\/el-bueno-el-feo-y-el-mena-crudo-pimento-el-quirofano-la-arboleja\/","title":{"rendered":"El bueno, el feo y el Mena + Crudo Pimento @ El Quir\u00f3fano, La Arboleja"},"content":{"rendered":"<p style=\"text-align: center;\"><a href=\"https:\/\/www.mmamm.net\/wordpress\/wp-content\/uploads\/386630_461526000562472_1638116384_n.jpg\"><img decoding=\"async\" loading=\"lazy\" class=\"aligncenter size-full wp-image-1092\" title=\"El bueno, el feo y el Mena + Crudo Pimento 1\" src=\"https:\/\/www.mmamm.net\/wordpress\/wp-content\/uploads\/386630_461526000562472_1638116384_n.jpg\" alt=\"\" width=\"475\" height=\"175\" srcset=\"https:\/\/www.mmamm.net\/wordpress\/wp-content\/uploads\/386630_461526000562472_1638116384_n.jpg 950w, https:\/\/www.mmamm.net\/wordpress\/wp-content\/uploads\/386630_461526000562472_1638116384_n-300x110.jpg 300w\" sizes=\"(max-width: 475px) 100vw, 475px\" \/><\/a><\/p>\n<p style=\"text-align: center;\">&nbsp;<\/p>\n<p style=\"text-align: justify;\">A finales de 2011 Mena se presentaba en sociedad acompa\u00f1ado \u00fanicamente de su guitarra, su voz profunda a lo Johnny Cash y su gallardo bigote. En este formato individual registr\u00f3 sus primeras grabaciones, influenciado, seg\u00fan el propio autor, por el folk rock americano, el blues, Hank Williams, Woody Guthrie, las pel\u00edculas del Oeste y el \u201cWhite album\u201d de The Beatles. El tiempo ha pasado y lo que comenz\u00f3 siendo un proyecto en solitario se ha convertido en un sugestivo tr\u00edo musical, completado por Leandro Mart\u00edn-Romero (Tea Baggers, Octubre, ex Playmovil) y Juan Luis Garc\u00eda (Los Alambres, Lebowsky, ex Playmovil), que convierte las estupendas canciones de Mena en algo \u201ccolosal\u201d, capaces de eclipsar hasta la m\u00e1s complicada de las camisas. O al menos es lo que pens\u00e9 yo despu\u00e9s de verlos tocar en directo el pasado 29 de diciembre.<\/p>\n<p style=\"text-align: justify;\">&nbsp;<\/p>\n<p style=\"text-align: justify;\">Est\u00e1 previsto que entren a grabar nuevas canciones en apenas unos d\u00edas en el estudio El Miradoor de Alhama de Murcia. Mientras tanto, sigamos disfrutando de ellas en vivo. El domingo 13 de enero act\u00faan el espacio cultural El Quir\u00f3fano de La Arboleja, en medio de la huerta murciana, a partir de las 18 horas. Comparten escenario con Crudo Pimento, la \u00faltima aventura sonora de Ra\u00fal Frutos, en la que sigue demostrando su habilidad para fusionar estilos como la cumbia o el bluegrass sin prejuicios y su temple para hacer musicalmente lo que le da la gana en cada momento.<\/p>\n<p style=\"text-align: justify;\">&nbsp;<\/p>\n<p style=\"text-align: center;\"><a href=\"https:\/\/www.mmamm.net\/wordpress\/wp-content\/uploads\/582344_387637084665962_1178256132_n.jpg\"><img decoding=\"async\" loading=\"lazy\" class=\"aligncenter size-full wp-image-1093\" title=\"El bueno, el feo y el Mena + Crudo Pimento 2\" src=\"https:\/\/www.mmamm.net\/wordpress\/wp-content\/uploads\/582344_387637084665962_1178256132_n.jpg\" alt=\"\" width=\"483\" height=\"735\" srcset=\"https:\/\/www.mmamm.net\/wordpress\/wp-content\/uploads\/582344_387637084665962_1178256132_n.jpg 483w, https:\/\/www.mmamm.net\/wordpress\/wp-content\/uploads\/582344_387637084665962_1178256132_n-197x300.jpg 197w\" sizes=\"(max-width: 483px) 100vw, 483px\" \/><\/a><\/p>\n","protected":false},"excerpt":{"rendered":"<p>&nbsp; A finales de 2011 Mena se presentaba en sociedad acompa\u00f1ado \u00fanicamente de su guitarra, su voz profunda a lo Johnny Cash y su gallardo bigote. En este formato individual registr\u00f3 sus primeras grabaciones, influenciado, seg\u00fan el propio autor, por el folk rock americano, el blues, Hank Williams, Woody Guthrie, las pel\u00edculas del Oeste y [&hellip;]<\/p>\n","protected":false},"author":1,"featured_media":0,"comment_status":"open","ping_status":"open","sticky":false,"template":"","format":"standard","meta":[],"categories":[4,25],"tags":[584,585,586,115],"_links":{"self":[{"href":"https:\/\/www.mmamm.net\/index.php\/wp-json\/wp\/v2\/posts\/1091"}],"collection":[{"href":"https:\/\/www.mmamm.net\/index.php\/wp-json\/wp\/v2\/posts"}],"about":[{"href":"https:\/\/www.mmamm.net\/index.php\/wp-json\/wp\/v2\/types\/post"}],"author":[{"embeddable":true,"href":"https:\/\/www.mmamm.net\/index.php\/wp-json\/wp\/v2\/users\/1"}],"replies":[{"embeddable":true,"href":"https:\/\/www.mmamm.net\/index.php\/wp-json\/wp\/v2\/comments?post=1091"}],"version-history":[{"count":0,"href":"https:\/\/www.mmamm.net\/index.php\/wp-json\/wp\/v2\/posts\/1091\/revisions"}],"wp:attachment":[{"href":"https:\/\/www.mmamm.net\/index.php\/wp-json\/wp\/v2\/media?parent=1091"}],"wp:term":[{"taxonomy":"category","embeddable":true,"href":"https:\/\/www.mmamm.net\/index.php\/wp-json\/wp\/v2\/categories?post=1091"},{"taxonomy":"post_tag","embeddable":true,"href":"https:\/\/www.mmamm.net\/index.php\/wp-json\/wp\/v2\/tags?post=1091"}],"curies":[{"name":"wp","href":"https:\/\/api.w.org\/{rel}","templated":true}]}}