{"id":1082,"date":"2012-12-25T19:00:20","date_gmt":"2012-12-25T17:00:20","guid":{"rendered":"http:\/\/www.mmamm.net\/?p=1082"},"modified":"2013-01-04T21:13:05","modified_gmt":"2013-01-04T19:13:05","slug":"joan-colomo-reinventa-la-radioformula-para-la-tribuna-del-noroeste","status":"publish","type":"post","link":"https:\/\/www.mmamm.net\/index.php\/2012\/12\/25\/joan-colomo-reinventa-la-radioformula-para-la-tribuna-del-noroeste\/","title":{"rendered":"\u00abJoan Colomo reinventa la radiof\u00f3rmula\u00bb, para La Tribuna del Noroeste"},"content":{"rendered":"<p style=\"text-align: justify;\"><em>Art\u00edculo publicado el 20 de diciembre de 2012 en\u00a0<a href=\"https:\/\/www.facebook.com\/latribunadelnoroeste\" target=\"blank\" class=\"broken_link\">La Tribuna del Noroeste<\/a>:<\/em><\/p>\n<p style=\"text-align: justify;\">&nbsp;<\/p>\n<p style=\"text-align: justify;\">Me llega una invitaci\u00f3n a un evento a trav\u00e9s de Facebook. Dice algo as\u00ed: BCore Disc celebra el 30 aniversario de Sidecar con un concierto especial donde Joan Colomo y su banda s\u00f3lo tocar\u00e1n versiones de las mejores canciones de la Radiof\u00f3rmula de ayer y de hoy, destrozando los hits de Camela, Sabrina, Raffaela Carr\u00e1, Beyonc\u00e9, Mecano, Nofx, Shakira, Hombres G, Ramones, Bee Gees, Lana del Rey, Los Chichos, etc. \u00a1Y se aceptan peticiones durante todo el show! Leo esto y, como aquellas hermanas de Callejeros, propietarias del \u00fanico baptisterio paleocristiano romano del siglo I despu\u00e9s de Cristo que hay en Europa, pregunto de forma ret\u00f3rica: \u00bfA qui\u00e9n no le va a gustar?<\/p>\n<p style=\"text-align: justify;\">&nbsp;<\/p>\n<p>Desgraciadamente, Barcelona y la sala Sidecar me pillan un poco retirados para acudir un 29 diciembre, en medio de las fiestas navide\u00f1as. Tendr\u00e9 que conformarme con ver m\u00e1s adelante alg\u00fan v\u00eddeo en Youtube, si alguien se anima a grabar la actuaci\u00f3n. Adem\u00e1s, esa noche ya tengo tarea: estar\u00e9 pinchando algo de m\u00fasica (en vinilo, si es posible) en el bar La Yeser\u00eda de Murcia. Supongo que lo que corresponde, dada la coincidencia, es que pinche alguna de estas canciones de las que tanto disfrutar\u00eda en su versi\u00f3n \u201cdeconstruida\u201d por Colomo y sus secuaces. Tambi\u00e9n que aproveche este espacio para recomendar a este m\u00fasico de productividad sin par y ecl\u00e9ctico estilo personal, oriundo del pueblo de Sant Celoni. Porque, como dec\u00eda el periodista Dani Cabezas en su blog Entrada gratuita (uno de mis favoritos hasta que ech\u00f3 el cierre hace unas semanas), cualquier momento es bueno para reivindicar a Joan Colomo.<\/p>\n<p style=\"text-align: justify;\">&nbsp;<\/p>\n<p style=\"text-align: justify;\">As\u00ed mismo pienso yo, que soy forofo suyo desde que hace once a\u00f1os me cruc\u00e9 con \u00e9l en un concierto de Zeidun y que vengo siguiendo desde entonces su trayectoria como l\u00edder de La C\u00e9lula Durmiente, bajista de Moksha, componente de The Unfinished Sympathy o, en los \u00faltimos tiempos, a t\u00edtulo propio como juglar de la cotidianidad a medio camino entre la canci\u00f3n de autor y el humor de Gila y Eugenio. Pero no soy el \u00fanico, algo especial debe tener un artista cuando incluso recibe homenajes de sus contempor\u00e1neos en forma de canci\u00f3n: es lo que ha hecho la gente de Nord, nueva banda de rock formada por m\u00fasicos procedentes de grupos como Two dead cats, No More Lies, Bullitt o los mencionados The Unfinished Sympathy. La canci\u00f3n se llama simplemente \u201cJoan\u201d y pertenece al primer trabajo de este cuarteto de Sant Feliu de Gu\u00edxols, del que adelantaron algunos temas hace unos d\u00edas. \u00bfHab\u00e9is tomado nota?<\/p>\n<p style=\"text-align: justify;\">&nbsp;<\/p>\n<p style=\"text-align: center;\"><a href=\"https:\/\/www.mmamm.net\/wordpress\/wp-content\/uploads\/397121_10151341203351210_1995472658_n.jpg\"><img decoding=\"async\" loading=\"lazy\" class=\"aligncenter size-full wp-image-1083\" title=\"Joan Colomo reinventa la radiof\u00f3rmula\" src=\"https:\/\/www.mmamm.net\/wordpress\/wp-content\/uploads\/397121_10151341203351210_1995472658_n.jpg\" alt=\"\" width=\"340\" height=\"480\" srcset=\"https:\/\/www.mmamm.net\/wordpress\/wp-content\/uploads\/397121_10151341203351210_1995472658_n.jpg 679w, https:\/\/www.mmamm.net\/wordpress\/wp-content\/uploads\/397121_10151341203351210_1995472658_n-212x300.jpg 212w\" sizes=\"(max-width: 340px) 100vw, 340px\" \/><\/a><\/p>\n<p style=\"text-align: center;\">&nbsp;<\/p>\n","protected":false},"excerpt":{"rendered":"<p>Art\u00edculo publicado el 20 de diciembre de 2012 en\u00a0La Tribuna del Noroeste: &nbsp; Me llega una invitaci\u00f3n a un evento a trav\u00e9s de Facebook. Dice algo as\u00ed: BCore Disc celebra el 30 aniversario de Sidecar con un concierto especial donde Joan Colomo y su banda s\u00f3lo tocar\u00e1n versiones de las mejores canciones de la Radiof\u00f3rmula [&hellip;]<\/p>\n","protected":false},"author":1,"featured_media":0,"comment_status":"open","ping_status":"open","sticky":false,"template":"","format":"standard","meta":[],"categories":[58],"tags":[50,580,579],"_links":{"self":[{"href":"https:\/\/www.mmamm.net\/index.php\/wp-json\/wp\/v2\/posts\/1082"}],"collection":[{"href":"https:\/\/www.mmamm.net\/index.php\/wp-json\/wp\/v2\/posts"}],"about":[{"href":"https:\/\/www.mmamm.net\/index.php\/wp-json\/wp\/v2\/types\/post"}],"author":[{"embeddable":true,"href":"https:\/\/www.mmamm.net\/index.php\/wp-json\/wp\/v2\/users\/1"}],"replies":[{"embeddable":true,"href":"https:\/\/www.mmamm.net\/index.php\/wp-json\/wp\/v2\/comments?post=1082"}],"version-history":[{"count":0,"href":"https:\/\/www.mmamm.net\/index.php\/wp-json\/wp\/v2\/posts\/1082\/revisions"}],"wp:attachment":[{"href":"https:\/\/www.mmamm.net\/index.php\/wp-json\/wp\/v2\/media?parent=1082"}],"wp:term":[{"taxonomy":"category","embeddable":true,"href":"https:\/\/www.mmamm.net\/index.php\/wp-json\/wp\/v2\/categories?post=1082"},{"taxonomy":"post_tag","embeddable":true,"href":"https:\/\/www.mmamm.net\/index.php\/wp-json\/wp\/v2\/tags?post=1082"}],"curies":[{"name":"wp","href":"https:\/\/api.w.org\/{rel}","templated":true}]}}